{"id":2999,"date":"2020-06-03T08:38:23","date_gmt":"2020-06-03T06:38:23","guid":{"rendered":"http:\/\/agora.xtec.cat\/zerriuondara\/?p=2999"},"modified":"2020-06-03T08:42:42","modified_gmt":"2020-06-03T06:42:42","slug":"xarrada-amb-en-david-vilaro-alcalde-de-tornabous","status":"publish","type":"post","link":"https:\/\/agora.xtec.cat\/zerriuondara\/general-espigol\/xarrada-amb-en-david-vilaro-alcalde-de-tornabous\/","title":{"rendered":"XARRADA AMB EN DAVID VILAR\u00d3. ALCALDE DE TORNABOUS"},"content":{"rendered":"<p><a href=\"https:\/\/agora.xtec.cat\/zerriuondara\/wp-content\/uploads\/usu561\/2020\/06\/resized_20200529_115919-1.jpg\"><img loading=\"lazy\" decoding=\"async\" class=\"alignnone wp-image-3006\" src=\"https:\/\/agora.xtec.cat\/zerriuondara\/wp-content\/uploads\/usu561\/2020\/06\/resized_20200529_115919-1-1024x576.jpg\" alt=\"\" width=\"618\" height=\"348\" srcset=\"https:\/\/agora.xtec.cat\/zerriuondara\/wp-content\/uploads\/usu561\/2020\/06\/resized_20200529_115919-1-1024x576.jpg 1024w, https:\/\/agora.xtec.cat\/zerriuondara\/wp-content\/uploads\/usu561\/2020\/06\/resized_20200529_115919-1-300x169.jpg 300w, https:\/\/agora.xtec.cat\/zerriuondara\/wp-content\/uploads\/usu561\/2020\/06\/resized_20200529_115919-1-768x432.jpg 768w\" sizes=\"auto, (max-width: 618px) 100vw, 618px\" \/><\/a><\/p>\n<p>&nbsp;<\/p>\n<p>&nbsp;<\/p>\n<p>Divendres passat les noies i els nois de Cicle Mitj\u00e0 de l&#8217;Escola Esp\u00edgol vam convidar a la seva V\u00eddeo confer\u00e8ncia setmanal al Sr\u00a0 David Vilar\u00f3, alcalde de Tornabous. Aqu\u00ed us deixem l&#8217;enlla\u00e7 perqu\u00e8 pugueu saber qu\u00e8 ens va explicar.<\/p>\n<p><a href=\"https:\/\/agora.xtec.cat\/zerriuondara\/wp-content\/uploads\/usu561\/2020\/06\/Xarrada-amb-en-David-Vilar\u00f3..docx\">Xarrada amb en David Vilar\u00f3.<\/a><\/p>\n","protected":false},"excerpt":{"rendered":"<p><a href=\"https:\/\/agora.xtec.cat\/zerriuondara\/wp-content\/uploads\/usu561\/2020\/06\/resized_20200529_115919-1.jpg\"><\/a><br \/>\n&nbsp;<br \/>\n&nbsp;<br \/>\nDivendres passat les noies i els nois de Cicle Mitj\u00e0 de l&#8217;Escola Esp\u00edgol vam convidar a la seva V\u00eddeo confer\u00e8ncia setmanal al Sr\u00a0 David Vilar\u00f3, alcalde de Tornabous. Aqu\u00ed us deixem l&#8217;enlla\u00e7 perqu\u00e8 pugueu saber qu\u00e8 ens va explicar.<br \/>\n<a href=\"https:\/\/agora.xtec.cat\/zerriuondara\/wp-content\/uploads\/usu561\/2020\/06\/Xarrada-amb-en-David-Vilar\u00f3..docx\">Xarrada amb en David Vilar\u00f3.<\/a><\/p>\n","protected":false},"author":21,"featured_media":3001,"comment_status":"open","ping_status":"closed","sticky":false,"template":"","format":"standard","meta":{"_bbp_topic_count":0,"_bbp_reply_count":0,"_bbp_total_topic_count":0,"_bbp_total_reply_count":0,"_bbp_voice_count":0,"_bbp_anonymous_reply_count":0,"_bbp_topic_count_hidden":0,"_bbp_reply_count_hidden":0,"_bbp_forum_subforum_count":0,"footnotes":""},"categories":[85,125,69,1,94],"tags":[],"class_list":["post-2999","post","type-post","status-publish","format-standard","has-post-thumbnail","hentry","category-mitja-espigol","category-19-20","category-escola-espigol","category-general-espigol","category-portada"],"post_mailing_queue_ids":[],"_links":{"self":[{"href":"https:\/\/agora.xtec.cat\/zerriuondara\/wp-json\/wp\/v2\/posts\/2999","targetHints":{"allow":["GET"]}}],"collection":[{"href":"https:\/\/agora.xtec.cat\/zerriuondara\/wp-json\/wp\/v2\/posts"}],"about":[{"href":"https:\/\/agora.xtec.cat\/zerriuondara\/wp-json\/wp\/v2\/types\/post"}],"author":[{"embeddable":true,"href":"https:\/\/agora.xtec.cat\/zerriuondara\/wp-json\/wp\/v2\/users\/21"}],"replies":[{"embeddable":true,"href":"https:\/\/agora.xtec.cat\/zerriuondara\/wp-json\/wp\/v2\/comments?post=2999"}],"version-history":[{"count":4,"href":"https:\/\/agora.xtec.cat\/zerriuondara\/wp-json\/wp\/v2\/posts\/2999\/revisions"}],"predecessor-version":[{"id":3012,"href":"https:\/\/agora.xtec.cat\/zerriuondara\/wp-json\/wp\/v2\/posts\/2999\/revisions\/3012"}],"wp:featuredmedia":[{"embeddable":true,"href":"https:\/\/agora.xtec.cat\/zerriuondara\/wp-json\/wp\/v2\/media\/3001"}],"wp:attachment":[{"href":"https:\/\/agora.xtec.cat\/zerriuondara\/wp-json\/wp\/v2\/media?parent=2999"}],"wp:term":[{"taxonomy":"category","embeddable":true,"href":"https:\/\/agora.xtec.cat\/zerriuondara\/wp-json\/wp\/v2\/categories?post=2999"},{"taxonomy":"post_tag","embeddable":true,"href":"https:\/\/agora.xtec.cat\/zerriuondara\/wp-json\/wp\/v2\/tags?post=2999"}],"curies":[{"name":"wp","href":"https:\/\/api.w.org\/{rel}","templated":true}]}}