{"id":2794,"date":"2020-04-22T23:41:39","date_gmt":"2020-04-22T21:41:39","guid":{"rendered":"http:\/\/agora.xtec.cat\/zerriuondara\/?p=2794"},"modified":"2020-04-22T23:41:39","modified_gmt":"2020-04-22T21:41:39","slug":"llegenda-de-sant-jordi-noe-i-walter","status":"publish","type":"post","link":"https:\/\/agora.xtec.cat\/zerriuondara\/general-espigol\/llegenda-de-sant-jordi-noe-i-walter\/","title":{"rendered":"LLEGENDA DE SANT JORDI &#8211; NO\u00c9 I WALTER"},"content":{"rendered":"<p>Hola fam\u00edlies us pengem la representaci\u00f3 que han fet el Walter i el No\u00e9 des del seu confinament<\/p>\n<p>sobre la LLEGENDA DE SANT JORDI, esperem que us agradi:<\/p>\n<p><a href=\"https:\/\/drive.google.com\/file\/d\/1lD6bh3BWCHFIPT70Ik4MCWe4YWGBRyQA\/view?usp=sharing\">https:\/\/drive.google.com\/file\/d\/1lD6bh3BWCHFIPT70Ik4MCWe4YWGBRyQA\/view?usp=sharing<\/a><\/p>\n<p>&nbsp;<\/p>\n<p>&nbsp;<\/p>\n","protected":false},"excerpt":{"rendered":"<p>Hola fam\u00edlies us pengem la representaci\u00f3 que han fet el Walter i el No\u00e9 des del seu confinament<br \/>\nsobre la LLEGENDA DE SANT JORDI, esperem que us agradi:<br \/>\n<a href=\"https:\/\/drive.google.com\/file\/d\/1lD6bh3BWCHFIPT70Ik4MCWe4YWGBRyQA\/view?usp=sharing\">https:\/\/drive.google.com\/file\/d\/1lD6bh3BWCHFIPT70Ik4MCWe4YWGBRyQA\/view?usp=sharing<\/a><br \/>\n&nbsp;<br \/>\n&nbsp;<\/p>\n","protected":false},"author":1,"featured_media":0,"comment_status":"open","ping_status":"closed","sticky":false,"template":"","format":"standard","meta":{"_bbp_topic_count":0,"_bbp_reply_count":0,"_bbp_total_topic_count":0,"_bbp_total_reply_count":0,"_bbp_voice_count":0,"_bbp_anonymous_reply_count":0,"_bbp_topic_count_hidden":0,"_bbp_reply_count_hidden":0,"_bbp_forum_subforum_count":0,"footnotes":""},"categories":[89,85,86,125,69,1,87,96,88,94],"tags":[],"class_list":["post-2794","post","type-post","status-publish","format-standard","hentry","category-inicial-espigol","category-mitja-espigol","category-superior-espigol","category-19-20","category-escola-espigol","category-general-espigol","category-p3-espigol","category-p4-espigol","category-p5-espigol","category-portada"],"post_mailing_queue_ids":[],"_links":{"self":[{"href":"https:\/\/agora.xtec.cat\/zerriuondara\/wp-json\/wp\/v2\/posts\/2794","targetHints":{"allow":["GET"]}}],"collection":[{"href":"https:\/\/agora.xtec.cat\/zerriuondara\/wp-json\/wp\/v2\/posts"}],"about":[{"href":"https:\/\/agora.xtec.cat\/zerriuondara\/wp-json\/wp\/v2\/types\/post"}],"author":[{"embeddable":true,"href":"https:\/\/agora.xtec.cat\/zerriuondara\/wp-json\/wp\/v2\/users\/1"}],"replies":[{"embeddable":true,"href":"https:\/\/agora.xtec.cat\/zerriuondara\/wp-json\/wp\/v2\/comments?post=2794"}],"version-history":[{"count":1,"href":"https:\/\/agora.xtec.cat\/zerriuondara\/wp-json\/wp\/v2\/posts\/2794\/revisions"}],"predecessor-version":[{"id":2795,"href":"https:\/\/agora.xtec.cat\/zerriuondara\/wp-json\/wp\/v2\/posts\/2794\/revisions\/2795"}],"wp:attachment":[{"href":"https:\/\/agora.xtec.cat\/zerriuondara\/wp-json\/wp\/v2\/media?parent=2794"}],"wp:term":[{"taxonomy":"category","embeddable":true,"href":"https:\/\/agora.xtec.cat\/zerriuondara\/wp-json\/wp\/v2\/categories?post=2794"},{"taxonomy":"post_tag","embeddable":true,"href":"https:\/\/agora.xtec.cat\/zerriuondara\/wp-json\/wp\/v2\/tags?post=2794"}],"curies":[{"name":"wp","href":"https:\/\/api.w.org\/{rel}","templated":true}]}}