{"id":2703,"date":"2020-02-19T12:50:56","date_gmt":"2020-02-19T11:50:56","guid":{"rendered":"http:\/\/agora.xtec.cat\/zerriuondara\/?p=2703"},"modified":"2020-02-19T12:50:56","modified_gmt":"2020-02-19T11:50:56","slug":"la-cara-pintada-portaras-i-al-carnestoltes-impressionaras","status":"publish","type":"post","link":"https:\/\/agora.xtec.cat\/zerriuondara\/general-espigol\/la-cara-pintada-portaras-i-al-carnestoltes-impressionaras\/","title":{"rendered":"LA CARA PINTADA PORTAR\u00c0S I AL CARNESTOLTES IMPRESSIONAR\u00c0S"},"content":{"rendered":"<p>Ben pintats hem vingut,<\/p>\n<p>Esp\u00edgol i Espigolet hem rigut.<\/p>\n<p>Esperem-nos a dem\u00e0,<\/p>\n<p>a veure qu\u00e8 passar\u00e0\u00e0\u00e0\u00e0\u00e0\u00e0\u00e0\u00e0\u00e0!!!!!!!!!<\/p>\n<p><a href=\"https:\/\/photos.app.goo.gl\/aajs1bBe7LG3rTJd6\">https:\/\/photos.app.goo.gl\/aajs1bBe7LG3rTJd6<\/a><\/p>\n","protected":false},"excerpt":{"rendered":"<p>Ben pintats hem vingut,<br \/>\nEsp\u00edgol i Espigolet hem rigut.<br \/>\nEsperem-nos a dem\u00e0,<br \/>\na veure qu\u00e8 passar\u00e0\u00e0\u00e0\u00e0\u00e0\u00e0\u00e0\u00e0\u00e0!!!!!!!!!<br \/>\n<a href=\"https:\/\/photos.app.goo.gl\/aajs1bBe7LG3rTJd6\">https:\/\/photos.app.goo.gl\/aajs1bBe7LG3rTJd6<\/a><\/p>\n","protected":false},"author":1,"featured_media":0,"comment_status":"open","ping_status":"closed","sticky":false,"template":"","format":"standard","meta":{"_bbp_topic_count":0,"_bbp_reply_count":0,"_bbp_total_topic_count":0,"_bbp_total_reply_count":0,"_bbp_voice_count":0,"_bbp_anonymous_reply_count":0,"_bbp_topic_count_hidden":0,"_bbp_reply_count_hidden":0,"_bbp_forum_subforum_count":0,"footnotes":""},"categories":[89,85,86,125,69,1,87,96,88,94],"tags":[],"class_list":["post-2703","post","type-post","status-publish","format-standard","hentry","category-inicial-espigol","category-mitja-espigol","category-superior-espigol","category-19-20","category-escola-espigol","category-general-espigol","category-p3-espigol","category-p4-espigol","category-p5-espigol","category-portada"],"post_mailing_queue_ids":[],"_links":{"self":[{"href":"https:\/\/agora.xtec.cat\/zerriuondara\/wp-json\/wp\/v2\/posts\/2703","targetHints":{"allow":["GET"]}}],"collection":[{"href":"https:\/\/agora.xtec.cat\/zerriuondara\/wp-json\/wp\/v2\/posts"}],"about":[{"href":"https:\/\/agora.xtec.cat\/zerriuondara\/wp-json\/wp\/v2\/types\/post"}],"author":[{"embeddable":true,"href":"https:\/\/agora.xtec.cat\/zerriuondara\/wp-json\/wp\/v2\/users\/1"}],"replies":[{"embeddable":true,"href":"https:\/\/agora.xtec.cat\/zerriuondara\/wp-json\/wp\/v2\/comments?post=2703"}],"version-history":[{"count":1,"href":"https:\/\/agora.xtec.cat\/zerriuondara\/wp-json\/wp\/v2\/posts\/2703\/revisions"}],"predecessor-version":[{"id":2704,"href":"https:\/\/agora.xtec.cat\/zerriuondara\/wp-json\/wp\/v2\/posts\/2703\/revisions\/2704"}],"wp:attachment":[{"href":"https:\/\/agora.xtec.cat\/zerriuondara\/wp-json\/wp\/v2\/media?parent=2703"}],"wp:term":[{"taxonomy":"category","embeddable":true,"href":"https:\/\/agora.xtec.cat\/zerriuondara\/wp-json\/wp\/v2\/categories?post=2703"},{"taxonomy":"post_tag","embeddable":true,"href":"https:\/\/agora.xtec.cat\/zerriuondara\/wp-json\/wp\/v2\/tags?post=2703"}],"curies":[{"name":"wp","href":"https:\/\/api.w.org\/{rel}","templated":true}]}}