{"id":2177,"date":"2019-03-22T21:53:04","date_gmt":"2019-03-22T20:53:04","guid":{"rendered":"http:\/\/agora.xtec.cat\/zerriuondara\/?p=2177"},"modified":"2019-03-22T21:53:04","modified_gmt":"2019-03-22T20:53:04","slug":"cicle-inicial-excursio-a-agramunt","status":"publish","type":"post","link":"https:\/\/agora.xtec.cat\/zerriuondara\/escola-st-roc\/cicle-inicial-excursio-a-agramunt\/","title":{"rendered":"CICLE INICIAL &#8211; EXCURSI\u00d3 A AGRAMUNT"},"content":{"rendered":"<p>Hola fam\u00edlies els alumnes de Cicle Inicial de la Zer Riu Ondara avui hem anat d\u00b4excursi\u00f3 a Agramunt.<\/p>\n<p>Al arribar el primer que hem fet \u00e9s esmorzar ja que ens esperava un mat\u00ed molt intens. Hem visitat l\u00b4espai Guinovart; la Llu\u00efsa ens ha explicat molt b\u00e9 les obres del senyor Josep Guinovart. Despr\u00e9s hem fet el taller del &#8221; Bosc del\u00a0 Siscar&#8221;, seguidament ja ens esperava la Rosa M amb la qual ens hem dirigit a l\u00b4esgl\u00e9sia per visitar el refugi, ha estat molt emocionant.<\/p>\n<p>Quan hem acabat la visita ens hem dirigit al parc per dinar i poder jugar una estona; que divertit!!!<\/p>\n<p>De seguida ens hem adonat que ens havia passat el temps volant mentres jugavem i hem recollit les coses; ens hem dirigit al Museu del Torr\u00f3 i la Xocolata, ja ens esperaven. Ens han fet una super explicaci\u00f3 sobre els origens de la xocolata i els torrons, despr\u00e9s ens han visualitzat un conte i finalment hem tastat els torrons&#8230;. que bonsssss. Tamb\u00e9 ens han obsequiat amb un detall per cada un dels alumnes que hem fet la visita. Moltes gr\u00e0cies Torrons Vicens.<\/p>\n<p>Us deixem unes quantes fotos&#8230;<\/p>\n<p><a href=\"https:\/\/photos.app.goo.gl\/H3yjLpFy6o3y4foF8\">https:\/\/photos.app.goo.gl\/H3yjLpFy6o3y4foF8<\/a><\/p>\n<p>&nbsp;<\/p>\n","protected":false},"excerpt":{"rendered":"<p>Hola fam\u00edlies els alumnes de Cicle Inicial de la Zer Riu Ondara avui hem anat d\u00b4excursi\u00f3 a Agramunt.<br \/>\nAl arribar el primer que hem fet \u00e9s esmorzar ja que ens esperava un mat\u00ed molt intens. Hem visitat l\u00b4espai Guinovart; la Llu\u00efsa ens ha explicat molt b\u00e9&hellip;  <a href=\"https:\/\/agora.xtec.cat\/zerriuondara\/escola-st-roc\/cicle-inicial-excursio-a-agramunt\/\" title=\"Read CICLE INICIAL &#8211; EXCURSI\u00d3 A AGRAMUNT\">Llegeix m\u00e9s\u00bb<\/a><\/p>\n","protected":false},"author":1,"featured_media":0,"comment_status":"open","ping_status":"closed","sticky":false,"template":"","format":"standard","meta":{"_bbp_topic_count":0,"_bbp_reply_count":0,"_bbp_total_topic_count":0,"_bbp_total_reply_count":0,"_bbp_voice_count":0,"_bbp_anonymous_reply_count":0,"_bbp_topic_count_hidden":0,"_bbp_reply_count_hidden":0,"_bbp_forum_subforum_count":0,"footnotes":""},"categories":[89,64,122,69,59,94],"tags":[],"class_list":["post-2177","post","type-post","status-publish","format-standard","hentry","category-inicial-espigol","category-inicial-sant-roc","category-curs18-19","category-escola-espigol","category-escola-st-roc","category-portada"],"post_mailing_queue_ids":[],"_links":{"self":[{"href":"https:\/\/agora.xtec.cat\/zerriuondara\/wp-json\/wp\/v2\/posts\/2177","targetHints":{"allow":["GET"]}}],"collection":[{"href":"https:\/\/agora.xtec.cat\/zerriuondara\/wp-json\/wp\/v2\/posts"}],"about":[{"href":"https:\/\/agora.xtec.cat\/zerriuondara\/wp-json\/wp\/v2\/types\/post"}],"author":[{"embeddable":true,"href":"https:\/\/agora.xtec.cat\/zerriuondara\/wp-json\/wp\/v2\/users\/1"}],"replies":[{"embeddable":true,"href":"https:\/\/agora.xtec.cat\/zerriuondara\/wp-json\/wp\/v2\/comments?post=2177"}],"version-history":[{"count":2,"href":"https:\/\/agora.xtec.cat\/zerriuondara\/wp-json\/wp\/v2\/posts\/2177\/revisions"}],"predecessor-version":[{"id":2179,"href":"https:\/\/agora.xtec.cat\/zerriuondara\/wp-json\/wp\/v2\/posts\/2177\/revisions\/2179"}],"wp:attachment":[{"href":"https:\/\/agora.xtec.cat\/zerriuondara\/wp-json\/wp\/v2\/media?parent=2177"}],"wp:term":[{"taxonomy":"category","embeddable":true,"href":"https:\/\/agora.xtec.cat\/zerriuondara\/wp-json\/wp\/v2\/categories?post=2177"},{"taxonomy":"post_tag","embeddable":true,"href":"https:\/\/agora.xtec.cat\/zerriuondara\/wp-json\/wp\/v2\/tags?post=2177"}],"curies":[{"name":"wp","href":"https:\/\/api.w.org\/{rel}","templated":true}]}}