{"id":2165,"date":"2019-03-12T15:25:34","date_gmt":"2019-03-12T14:25:34","guid":{"rendered":"http:\/\/agora.xtec.cat\/zerriuondara\/?p=2165"},"modified":"2019-03-12T15:27:32","modified_gmt":"2019-03-12T14:27:32","slug":"historia-del-municipi-de-tornabous","status":"publish","type":"post","link":"https:\/\/agora.xtec.cat\/zerriuondara\/escola-espigol\/historia-del-municipi-de-tornabous\/","title":{"rendered":"HIST\u00d2RIA DEL MUNICIPI DE TORNABOUS"},"content":{"rendered":"<p><a href=\"https:\/\/agora.xtec.cat\/zerriuondara\/wp-content\/uploads\/usu561\/2019\/03\/resized_20190307_161439-1.jpg\"><img loading=\"lazy\" decoding=\"async\" class=\"wp-image-2168 aligncenter\" src=\"https:\/\/agora.xtec.cat\/zerriuondara\/wp-content\/uploads\/usu561\/2019\/03\/resized_20190307_161439-1-1024x768.jpg\" alt=\"\" width=\"411\" height=\"308\" srcset=\"https:\/\/agora.xtec.cat\/zerriuondara\/wp-content\/uploads\/usu561\/2019\/03\/resized_20190307_161439-1-1024x768.jpg 1024w, https:\/\/agora.xtec.cat\/zerriuondara\/wp-content\/uploads\/usu561\/2019\/03\/resized_20190307_161439-1-300x225.jpg 300w, https:\/\/agora.xtec.cat\/zerriuondara\/wp-content\/uploads\/usu561\/2019\/03\/resized_20190307_161439-1-768x576.jpg 768w, https:\/\/agora.xtec.cat\/zerriuondara\/wp-content\/uploads\/usu561\/2019\/03\/resized_20190307_161439-1-200x150.jpg 200w\" sizes=\"auto, (max-width: 411px) 100vw, 411px\" \/><\/a><\/p>\n<p>Hola fam\u00edlies, els alumnes de 3r de Tornabous ens van representar el dijous 7 de mar\u00e7 la &#8220;Hist\u00f2ria del municipi de Tornabous&#8221; als alumnes de 1r i 2n. A tots nosaltres ens va encantar.<\/p>\n<p>Us deixen algunes fotos perqu\u00e8 en pugueu gaud\u00ed&#8230;<\/p>\n<p><a href=\"https:\/\/photos.app.goo.gl\/59uttwYqaF3EBYBB6\">https:\/\/photos.app.goo.gl\/59uttwYqaF3EBYBB6<\/a><\/p>\n","protected":false},"excerpt":{"rendered":"<p><a href=\"https:\/\/agora.xtec.cat\/zerriuondara\/wp-content\/uploads\/usu561\/2019\/03\/resized_20190307_161439-1.jpg\"><\/a><br \/>\nHola fam\u00edlies, els alumnes de 3r de Tornabous ens van representar el dijous 7 de mar\u00e7 la &#8220;Hist\u00f2ria del municipi de Tornabous&#8221; als alumnes de 1r i 2n. A tots nosaltres ens va encantar.<br \/>\nUs deixen algunes fotos perqu\u00e8 en pugueu gaud\u00ed&#8230;<br \/>\n<a href=\"https:\/\/photos.app.goo.gl\/59uttwYqaF3EBYBB6\">https:\/\/photos.app.goo.gl\/59uttwYqaF3EBYBB6<\/a><\/p>\n","protected":false},"author":1,"featured_media":0,"comment_status":"open","ping_status":"closed","sticky":false,"template":"","format":"standard","meta":{"_bbp_topic_count":0,"_bbp_reply_count":0,"_bbp_total_topic_count":0,"_bbp_total_reply_count":0,"_bbp_voice_count":0,"_bbp_anonymous_reply_count":0,"_bbp_topic_count_hidden":0,"_bbp_reply_count_hidden":0,"_bbp_forum_subforum_count":0,"footnotes":""},"categories":[89,85,122,69,94],"tags":[],"class_list":["post-2165","post","type-post","status-publish","format-standard","hentry","category-inicial-espigol","category-mitja-espigol","category-curs18-19","category-escola-espigol","category-portada"],"post_mailing_queue_ids":[],"_links":{"self":[{"href":"https:\/\/agora.xtec.cat\/zerriuondara\/wp-json\/wp\/v2\/posts\/2165","targetHints":{"allow":["GET"]}}],"collection":[{"href":"https:\/\/agora.xtec.cat\/zerriuondara\/wp-json\/wp\/v2\/posts"}],"about":[{"href":"https:\/\/agora.xtec.cat\/zerriuondara\/wp-json\/wp\/v2\/types\/post"}],"author":[{"embeddable":true,"href":"https:\/\/agora.xtec.cat\/zerriuondara\/wp-json\/wp\/v2\/users\/1"}],"replies":[{"embeddable":true,"href":"https:\/\/agora.xtec.cat\/zerriuondara\/wp-json\/wp\/v2\/comments?post=2165"}],"version-history":[{"count":4,"href":"https:\/\/agora.xtec.cat\/zerriuondara\/wp-json\/wp\/v2\/posts\/2165\/revisions"}],"predecessor-version":[{"id":2171,"href":"https:\/\/agora.xtec.cat\/zerriuondara\/wp-json\/wp\/v2\/posts\/2165\/revisions\/2171"}],"wp:attachment":[{"href":"https:\/\/agora.xtec.cat\/zerriuondara\/wp-json\/wp\/v2\/media?parent=2165"}],"wp:term":[{"taxonomy":"category","embeddable":true,"href":"https:\/\/agora.xtec.cat\/zerriuondara\/wp-json\/wp\/v2\/categories?post=2165"},{"taxonomy":"post_tag","embeddable":true,"href":"https:\/\/agora.xtec.cat\/zerriuondara\/wp-json\/wp\/v2\/tags?post=2165"}],"curies":[{"name":"wp","href":"https:\/\/api.w.org\/{rel}","templated":true}]}}