{"id":1872,"date":"2018-04-18T20:46:58","date_gmt":"2018-04-18T18:46:58","guid":{"rendered":"http:\/\/agora.xtec.cat\/zerriuondara\/?p=1872"},"modified":"2018-04-18T20:46:58","modified_gmt":"2018-04-18T18:46:58","slug":"excursio-a-mollerussa-y-linyola","status":"publish","type":"post","link":"https:\/\/agora.xtec.cat\/zerriuondara\/general-espigol\/excursio-a-mollerussa-y-linyola\/","title":{"rendered":"EXCURSIO A MOLLERUSSA Y LINYOLA"},"content":{"rendered":"<p>El dilluns dia 16 els alumnes de p5 de Tornabous i Cicle incial de les dues escoles vam fer una excursi\u00f3 a Mollerussa, al Sal\u00f3 del Llibre i a Linyola, al Parc de les Olors.<br \/>\nLa visita al Sal\u00f3 del Llibre va ser molt m\u00e0gica. Els monitors, els contes, les mil i una hist\u00f2ries, les viv\u00e8ncies de l&#8217;il\u00b7lustrador, en Xavier Salom\u00f3,&#8230; el lloc, les casetes de cartr\u00f3,&#8230; Tot el conjunt va captivar-nos!<br \/>\nPer la tarda, v\u00e0rem anar a Linyola a visitar el Parc de les Olors. All\u00ed vam fer tres tallers: el taller dels sentits, la bomba de llavors i una bosseta d&#8217;olor. V\u00e0rem olorar, tastar i con\u00e8ixer moltes plantes i les seves propietats. I per acabar,&#8230; un delici\u00f3 &#8220;mojito&#8221; va refrescar-nos d&#8217;all\u00f2 m\u00e9s.<\/p>\n<p><a href=\"https:\/\/photos.google.com\/share\/AF1QipPaJp-3YfHQACPbBPXqbrA8AklraszGl33itDmfaQ16DRR6O2fb7BJ1YCFxlYG0bg?hl=es&amp;key=WXRRbmNaVnFsOTNsWkNvV1pFbTlYUEVlRC16Ni1R\">FOTOS DE LA SORTIDA<\/a><\/p>\n","protected":false},"excerpt":{"rendered":"<p>El dilluns dia 16 els alumnes de p5 de Tornabous i Cicle incial de les dues escoles vam fer una excursi\u00f3 a Mollerussa, al Sal\u00f3 del Llibre i a Linyola, al Parc de les Olors.<br \/>\nLa visita al Sal\u00f3 del Llibre va ser molt m\u00e0gica. Els&hellip;  <a href=\"https:\/\/agora.xtec.cat\/zerriuondara\/general-espigol\/excursio-a-mollerussa-y-linyola\/\" title=\"Read EXCURSIO A MOLLERUSSA Y LINYOLA\">Llegeix m\u00e9s\u00bb<\/a><\/p>\n","protected":false},"author":1,"featured_media":0,"comment_status":"open","ping_status":"closed","sticky":false,"template":"","format":"standard","meta":{"_bbp_topic_count":0,"_bbp_reply_count":0,"_bbp_total_topic_count":0,"_bbp_total_reply_count":0,"_bbp_voice_count":0,"_bbp_anonymous_reply_count":0,"_bbp_topic_count_hidden":0,"_bbp_reply_count_hidden":0,"_bbp_forum_subforum_count":0,"footnotes":""},"categories":[89,64,121,69,59,1,88,94],"tags":[],"class_list":["post-1872","post","type-post","status-publish","format-standard","hentry","category-inicial-espigol","category-inicial-sant-roc","category-17-18","category-escola-espigol","category-escola-st-roc","category-general-espigol","category-p5-espigol","category-portada"],"post_mailing_queue_ids":[],"_links":{"self":[{"href":"https:\/\/agora.xtec.cat\/zerriuondara\/wp-json\/wp\/v2\/posts\/1872","targetHints":{"allow":["GET"]}}],"collection":[{"href":"https:\/\/agora.xtec.cat\/zerriuondara\/wp-json\/wp\/v2\/posts"}],"about":[{"href":"https:\/\/agora.xtec.cat\/zerriuondara\/wp-json\/wp\/v2\/types\/post"}],"author":[{"embeddable":true,"href":"https:\/\/agora.xtec.cat\/zerriuondara\/wp-json\/wp\/v2\/users\/1"}],"replies":[{"embeddable":true,"href":"https:\/\/agora.xtec.cat\/zerriuondara\/wp-json\/wp\/v2\/comments?post=1872"}],"version-history":[{"count":3,"href":"https:\/\/agora.xtec.cat\/zerriuondara\/wp-json\/wp\/v2\/posts\/1872\/revisions"}],"predecessor-version":[{"id":1875,"href":"https:\/\/agora.xtec.cat\/zerriuondara\/wp-json\/wp\/v2\/posts\/1872\/revisions\/1875"}],"wp:attachment":[{"href":"https:\/\/agora.xtec.cat\/zerriuondara\/wp-json\/wp\/v2\/media?parent=1872"}],"wp:term":[{"taxonomy":"category","embeddable":true,"href":"https:\/\/agora.xtec.cat\/zerriuondara\/wp-json\/wp\/v2\/categories?post=1872"},{"taxonomy":"post_tag","embeddable":true,"href":"https:\/\/agora.xtec.cat\/zerriuondara\/wp-json\/wp\/v2\/tags?post=1872"}],"curies":[{"name":"wp","href":"https:\/\/api.w.org\/{rel}","templated":true}]}}