{"id":1853,"date":"2018-04-03T15:36:32","date_gmt":"2018-04-03T13:36:32","guid":{"rendered":"http:\/\/agora.xtec.cat\/zerriuondara\/?p=1853"},"modified":"2018-04-03T15:36:32","modified_gmt":"2018-04-03T13:36:32","slug":"sortida-al-canal-durgell-i-radio-tarrega","status":"publish","type":"post","link":"https:\/\/agora.xtec.cat\/zerriuondara\/general-espigol\/sortida-al-canal-durgell-i-radio-tarrega\/","title":{"rendered":"SORTIDA AL CANAL D&#8217;URGELL I R\u00c0DIO T\u00c0RREGA"},"content":{"rendered":"<p>El passat 20 de mar\u00e7 els alumnes de C. Superior de la ZER vam realitzar la sortida del 2n trimestre.<\/p>\n<p>Vam anar al Tossal de Ponts a veure el naixement del Canal\u00a0 d\u2019Urgell que surt del riu Segre.<\/p>\n<p>Vam beure\u00a0 una mini presa d\u2019aigua, moltes comportes i a dins de la Casa Canal hi havia el Joan que ens va explicar el funcionament de les comportes.<\/p>\n<p>Ens deia que antigament es feia tot a m\u00e0 i\u00a0 per obrir les comportes,\u00a0s&#8217;havia de\u00a0\u00a0rodar\u00a0unes 2000 vegades sense parar en una m\u00e0quina.<\/p>\n<p>A continuaci\u00f3, vam anar al Pont de Ferro d\u2019Agramunt\u00a0 on\u00a0el Sr. Amadeu, alcalde de Tornabous, ens va explicar com i perqu\u00e8 es va fer.<\/p>\n<p>Aleshores, vam anar\u00a0 al parc de Sant Eloi de T\u00e0rrega, all\u00e0 vam jugar i dinar.<\/p>\n<p>Finalment,\u00a0ten\u00edem la visita\u00a0 a radio T\u00e0rrega on la Gemma i la Vanesa ens van explicar com funciona la radio.<\/p>\n<p>Vam passar-ho genial !!!<\/p>\n<p><a href=\"https:\/\/photos.app.goo.gl\/xw8B5c8SVKFop0f72\">https:\/\/photos.app.goo.gl\/xw8B5c8SVKFop0f72<\/a><\/p>\n","protected":false},"excerpt":{"rendered":"<p>El passat 20 de mar\u00e7 els alumnes de C. Superior de la ZER vam realitzar la sortida del 2n trimestre.<br \/>\nVam anar al Tossal de Ponts a veure el naixement del Canal\u00a0 d\u2019Urgell que surt del riu Segre.<br \/>\nVam beure\u00a0 una mini presa d\u2019aigua, moltes comportes i&hellip;  <a href=\"https:\/\/agora.xtec.cat\/zerriuondara\/general-espigol\/sortida-al-canal-durgell-i-radio-tarrega\/\" title=\"Read SORTIDA AL CANAL D&#8217;URGELL I R\u00c0DIO T\u00c0RREGA\">Llegeix m\u00e9s\u00bb<\/a><\/p>\n","protected":false},"author":1,"featured_media":1856,"comment_status":"open","ping_status":"closed","sticky":false,"template":"","format":"standard","meta":{"_bbp_topic_count":0,"_bbp_reply_count":0,"_bbp_total_topic_count":0,"_bbp_total_reply_count":0,"_bbp_voice_count":0,"_bbp_anonymous_reply_count":0,"_bbp_topic_count_hidden":0,"_bbp_reply_count_hidden":0,"_bbp_forum_subforum_count":0,"footnotes":""},"categories":[86,66,121,69,59,1,94],"tags":[],"class_list":["post-1853","post","type-post","status-publish","format-standard","has-post-thumbnail","hentry","category-superior-espigol","category-superior-sant-roc","category-17-18","category-escola-espigol","category-escola-st-roc","category-general-espigol","category-portada"],"post_mailing_queue_ids":[],"_links":{"self":[{"href":"https:\/\/agora.xtec.cat\/zerriuondara\/wp-json\/wp\/v2\/posts\/1853","targetHints":{"allow":["GET"]}}],"collection":[{"href":"https:\/\/agora.xtec.cat\/zerriuondara\/wp-json\/wp\/v2\/posts"}],"about":[{"href":"https:\/\/agora.xtec.cat\/zerriuondara\/wp-json\/wp\/v2\/types\/post"}],"author":[{"embeddable":true,"href":"https:\/\/agora.xtec.cat\/zerriuondara\/wp-json\/wp\/v2\/users\/1"}],"replies":[{"embeddable":true,"href":"https:\/\/agora.xtec.cat\/zerriuondara\/wp-json\/wp\/v2\/comments?post=1853"}],"version-history":[{"count":3,"href":"https:\/\/agora.xtec.cat\/zerriuondara\/wp-json\/wp\/v2\/posts\/1853\/revisions"}],"predecessor-version":[{"id":1857,"href":"https:\/\/agora.xtec.cat\/zerriuondara\/wp-json\/wp\/v2\/posts\/1853\/revisions\/1857"}],"wp:featuredmedia":[{"embeddable":true,"href":"https:\/\/agora.xtec.cat\/zerriuondara\/wp-json\/wp\/v2\/media\/1856"}],"wp:attachment":[{"href":"https:\/\/agora.xtec.cat\/zerriuondara\/wp-json\/wp\/v2\/media?parent=1853"}],"wp:term":[{"taxonomy":"category","embeddable":true,"href":"https:\/\/agora.xtec.cat\/zerriuondara\/wp-json\/wp\/v2\/categories?post=1853"},{"taxonomy":"post_tag","embeddable":true,"href":"https:\/\/agora.xtec.cat\/zerriuondara\/wp-json\/wp\/v2\/tags?post=1853"}],"curies":[{"name":"wp","href":"https:\/\/api.w.org\/{rel}","templated":true}]}}