{"id":1548,"date":"2017-05-18T16:31:36","date_gmt":"2017-05-18T14:31:36","guid":{"rendered":"http:\/\/agora.xtec.cat\/zerriuondara\/?p=1548"},"modified":"2017-11-20T15:35:21","modified_gmt":"2017-11-20T14:35:21","slug":"hem-anat-al-camp-daprenentatge","status":"publish","type":"post","link":"https:\/\/agora.xtec.cat\/zerriuondara\/general-espigol\/hem-anat-al-camp-daprenentatge\/","title":{"rendered":"HEM ANAT AL CAMP D&#8217;APRENENTATGE"},"content":{"rendered":"<p>Els alumnes de Cicle Superior de la ZER hem estat tres dies al Camp d&#8217;Aprenentatge Pau Casals al Vendrell. Durant l&#8217;estada hem fet un seguit d&#8217;activitats relacionades amb el m\u00f3n de la m\u00fasica al voltant de dos eixos: el Rock and Roll i en Pau Casals.<\/p>\n<p>Hem conegut l&#8217;auditori Pau Casals del Vendrell.<\/p>\n<p>Hem gaudit d&#8217;una audici\u00f3 en directe viatjant en el temps per la hist\u00f2ria del Rock.<\/p>\n<p>Hem aprofundit en els instruments propis del Rock: la guitarra el\u00e8ctrica, la bateria i el baix el\u00e8ctric.<\/p>\n<p>Ens hem endinsat en la casa-museu, tot descobrint la vida de Pau Casals i els valors que va defensar: la pau, la llibertat i el respecte als drets humans.<\/p>\n<p>Hem fet tot el proc\u00e9s de creaci\u00f3 d&#8217;un CD: disseny de la portada, enregistrament de la can\u00e7\u00f3 &#8220;Rialles de ZER&#8221;, funcionament d&#8217;un estudi de gravaci\u00f3 i experi\u00e8ncia sobre la f\u00edsica del so. La can\u00e7\u00f3 la podreu escoltar si aneu a la p\u00e0gina web del Camp d&#8217;Aprenentatge Pau Casals del Vendrell.<\/p>\n<p>Han estat tres dies intensos de conviv\u00e8ncia, compartir experi\u00e8ncies, col.laboraci\u00f3 en un projecte com\u00fa, estones d&#8217;esbarjo i jocs a la platja, de festa musical &#8220;disco&#8221;&#8230;. per\u00f2&#8230; UF! ens ha faltat temps per a poder trobar&#8230;. els GAMBUSINOS!!!<\/p>\n<p>&nbsp;<\/p>\n<p><a href=\"https:\/\/goo.gl\/photos\/nBPfekQYziaveuts9\" target=\"_blank\" rel=\"noopener noreferrer\">\u00c0LBUM DE FOTOS<\/a><\/p>\n","protected":false},"excerpt":{"rendered":"<p>Els alumnes de Cicle Superior de la ZER hem estat tres dies al Camp d&#8217;Aprenentatge Pau Casals al Vendrell. Durant l&#8217;estada hem fet un seguit d&#8217;activitats relacionades amb el m\u00f3n de la m\u00fasica al voltant de dos eixos: el Rock and Roll i en Pau&hellip;  <a href=\"https:\/\/agora.xtec.cat\/zerriuondara\/general-espigol\/hem-anat-al-camp-daprenentatge\/\" title=\"Read HEM ANAT AL CAMP D&#8217;APRENENTATGE\">Llegeix m\u00e9s\u00bb<\/a><\/p>\n","protected":false},"author":1,"featured_media":1564,"comment_status":"open","ping_status":"closed","sticky":false,"template":"","format":"standard","meta":{"_bbp_topic_count":0,"_bbp_reply_count":0,"_bbp_total_topic_count":0,"_bbp_total_reply_count":0,"_bbp_voice_count":0,"_bbp_anonymous_reply_count":0,"_bbp_topic_count_hidden":0,"_bbp_reply_count_hidden":0,"_bbp_forum_subforum_count":0,"footnotes":""},"categories":[86,66,69,59,1,94],"tags":[],"class_list":["post-1548","post","type-post","status-publish","format-standard","has-post-thumbnail","hentry","category-superior-espigol","category-superior-sant-roc","category-escola-espigol","category-escola-st-roc","category-general-espigol","category-portada"],"post_mailing_queue_ids":[],"_links":{"self":[{"href":"https:\/\/agora.xtec.cat\/zerriuondara\/wp-json\/wp\/v2\/posts\/1548","targetHints":{"allow":["GET"]}}],"collection":[{"href":"https:\/\/agora.xtec.cat\/zerriuondara\/wp-json\/wp\/v2\/posts"}],"about":[{"href":"https:\/\/agora.xtec.cat\/zerriuondara\/wp-json\/wp\/v2\/types\/post"}],"author":[{"embeddable":true,"href":"https:\/\/agora.xtec.cat\/zerriuondara\/wp-json\/wp\/v2\/users\/1"}],"replies":[{"embeddable":true,"href":"https:\/\/agora.xtec.cat\/zerriuondara\/wp-json\/wp\/v2\/comments?post=1548"}],"version-history":[{"count":4,"href":"https:\/\/agora.xtec.cat\/zerriuondara\/wp-json\/wp\/v2\/posts\/1548\/revisions"}],"predecessor-version":[{"id":1716,"href":"https:\/\/agora.xtec.cat\/zerriuondara\/wp-json\/wp\/v2\/posts\/1548\/revisions\/1716"}],"wp:featuredmedia":[{"embeddable":true,"href":"https:\/\/agora.xtec.cat\/zerriuondara\/wp-json\/wp\/v2\/media\/1564"}],"wp:attachment":[{"href":"https:\/\/agora.xtec.cat\/zerriuondara\/wp-json\/wp\/v2\/media?parent=1548"}],"wp:term":[{"taxonomy":"category","embeddable":true,"href":"https:\/\/agora.xtec.cat\/zerriuondara\/wp-json\/wp\/v2\/categories?post=1548"},{"taxonomy":"post_tag","embeddable":true,"href":"https:\/\/agora.xtec.cat\/zerriuondara\/wp-json\/wp\/v2\/tags?post=1548"}],"curies":[{"name":"wp","href":"https:\/\/api.w.org\/{rel}","templated":true}]}}