{"id":1543,"date":"2017-05-11T09:58:33","date_gmt":"2017-05-11T07:58:33","guid":{"rendered":"http:\/\/agora.xtec.cat\/zerriuondara\/?p=1543"},"modified":"2017-05-30T06:47:51","modified_gmt":"2017-05-30T04:47:51","slug":"tots-iguals-i-cada-persona-diferent","status":"publish","type":"post","link":"https:\/\/agora.xtec.cat\/zerriuondara\/escola-espigol\/tots-iguals-i-cada-persona-diferent\/","title":{"rendered":"Tots iguals i cada persona diferent"},"content":{"rendered":"<p>&nbsp;<\/p>\n<p>El dimecres 10 de maig ens van visitar a l&#8217;escola \u00a0la Fundaci\u00f3 Pere Closa. Aquesta fundaci\u00f3 treballa per a la promoci\u00f3 i integraci\u00f3 del poble gitano. Ens van explicar els seus or\u00edgens, ens van dir que la seva llengua era el Roman\u00f3 i que hi havia gitanos arreu del m\u00f3n.<\/p>\n<p>Ens van explicar dos contes de la Cultura Gitana i entre tots vam arribar a la conclusi\u00f3 que &#8220;Tots som iguals, per\u00f2 que cada persona \u00e9s diferent&#8221;.<\/p>\n<p>\u00c0<a href=\"https:\/\/goo.gl\/photos\/ZYASmcATZsscC6mu9\">LBUM DE FOTOS<\/a><\/p>\n","protected":false},"excerpt":{"rendered":"<p>&nbsp;<br \/>\nEl dimecres 10 de maig ens van visitar a l&#8217;escola \u00a0la Fundaci\u00f3 Pere Closa. Aquesta fundaci\u00f3 treballa per a la promoci\u00f3 i integraci\u00f3 del poble gitano. Ens van explicar els seus or\u00edgens, ens van dir que la seva llengua era el Roman\u00f3 i que hi&hellip;  <a href=\"https:\/\/agora.xtec.cat\/zerriuondara\/escola-espigol\/tots-iguals-i-cada-persona-diferent\/\" title=\"Read Tots iguals i cada persona diferent\">Llegeix m\u00e9s\u00bb<\/a><\/p>\n","protected":false},"author":21,"featured_media":1545,"comment_status":"open","ping_status":"closed","sticky":false,"template":"","format":"standard","meta":{"_bbp_topic_count":0,"_bbp_reply_count":0,"_bbp_total_topic_count":0,"_bbp_total_reply_count":0,"_bbp_voice_count":0,"_bbp_anonymous_reply_count":0,"_bbp_topic_count_hidden":0,"_bbp_reply_count_hidden":0,"_bbp_forum_subforum_count":0,"footnotes":""},"categories":[85,114,69],"tags":[],"class_list":["post-1543","post","type-post","status-publish","format-standard","has-post-thumbnail","hentry","category-mitja-espigol","category-curs16-17","category-escola-espigol"],"post_mailing_queue_ids":[],"_links":{"self":[{"href":"https:\/\/agora.xtec.cat\/zerriuondara\/wp-json\/wp\/v2\/posts\/1543","targetHints":{"allow":["GET"]}}],"collection":[{"href":"https:\/\/agora.xtec.cat\/zerriuondara\/wp-json\/wp\/v2\/posts"}],"about":[{"href":"https:\/\/agora.xtec.cat\/zerriuondara\/wp-json\/wp\/v2\/types\/post"}],"author":[{"embeddable":true,"href":"https:\/\/agora.xtec.cat\/zerriuondara\/wp-json\/wp\/v2\/users\/21"}],"replies":[{"embeddable":true,"href":"https:\/\/agora.xtec.cat\/zerriuondara\/wp-json\/wp\/v2\/comments?post=1543"}],"version-history":[{"count":2,"href":"https:\/\/agora.xtec.cat\/zerriuondara\/wp-json\/wp\/v2\/posts\/1543\/revisions"}],"predecessor-version":[{"id":1547,"href":"https:\/\/agora.xtec.cat\/zerriuondara\/wp-json\/wp\/v2\/posts\/1543\/revisions\/1547"}],"wp:featuredmedia":[{"embeddable":true,"href":"https:\/\/agora.xtec.cat\/zerriuondara\/wp-json\/wp\/v2\/media\/1545"}],"wp:attachment":[{"href":"https:\/\/agora.xtec.cat\/zerriuondara\/wp-json\/wp\/v2\/media?parent=1543"}],"wp:term":[{"taxonomy":"category","embeddable":true,"href":"https:\/\/agora.xtec.cat\/zerriuondara\/wp-json\/wp\/v2\/categories?post=1543"},{"taxonomy":"post_tag","embeddable":true,"href":"https:\/\/agora.xtec.cat\/zerriuondara\/wp-json\/wp\/v2\/tags?post=1543"}],"curies":[{"name":"wp","href":"https:\/\/api.w.org\/{rel}","templated":true}]}}