{"id":1469,"date":"2017-04-26T15:22:26","date_gmt":"2017-04-26T13:22:26","guid":{"rendered":"http:\/\/agora.xtec.cat\/zerriuondara\/?p=1469"},"modified":"2017-04-26T15:22:26","modified_gmt":"2017-04-26T13:22:26","slug":"busquem-la-persona-tipica-de-lescola","status":"publish","type":"post","link":"https:\/\/agora.xtec.cat\/zerriuondara\/escola-espigol\/busquem-la-persona-tipica-de-lescola\/","title":{"rendered":"Busquem la Persona T\u00cdPICA de l&#8217;escola."},"content":{"rendered":"<p>Durant la Setmana Cultural a l&#8217;escola vam dur a terme un Projecte d&#8217;Estad\u00edstica &#8220;Busquem la Persona T\u00cdPICA de l&#8217;escola&#8221;, hi van participar tots els nens des de P1 fins a 6\u00e8. El projecte consistia a establir 4 par\u00e0metres i veure qui els complia. La persona o les persones t\u00edpiques de l&#8217;escola s\u00f3n aquelles que estan a les franges m\u00e9s nombroses de cada un dels 4 \u00edtems seleccionats.<br \/>\nEls nens de P5 van buscar si hi havia m\u00e9s nens\/es que portaven ulleres o que no.<br \/>\nEls nens de 1r buscaven si a l&#8217;escola hi havia m\u00e9s nens o nenes.<br \/>\nEls nens de 2n buscaven el color preferit.<br \/>\nEl C. Mitj\u00e0 van preguntar de quina manera arribaven els nens\/es al mat\u00ed a l&#8217;escola? i a m\u00e9s a m\u00e9s van preparar totes les gr\u00e0fiques i els espais per a exposar els resultats.<br \/>\nEls nens de C. Superior van recollir totes les taules de freq\u00fc\u00e8ncia i amb l&#8217;Excel van elaborar els gr\u00e0fics de sectors.<\/p>\n<p>Al final el nen\/a tipus de la nostra escola \u00e9s &#8220;Un nen que no porta ulleres, que li agrada el color vermell i al mat\u00ed ve amb cotxe a l&#8217;escola&#8221;.<\/p>\n<p><a href=\"https:\/\/goo.gl\/photos\/gPxHDkkSPiy8L8oQ6\" target=\"_blank\">ALBUM DE FOTOS<\/a><\/p>\n<p>&nbsp;<\/p>\n","protected":false},"excerpt":{"rendered":"<p>Durant la Setmana Cultural a l&#8217;escola vam dur a terme un Projecte d&#8217;Estad\u00edstica &#8220;Busquem la Persona T\u00cdPICA de l&#8217;escola&#8221;, hi van participar tots els nens des de P1 fins a 6\u00e8. El projecte consistia a establir 4 par\u00e0metres i veure qui els complia. La persona&hellip;  <a href=\"https:\/\/agora.xtec.cat\/zerriuondara\/escola-espigol\/busquem-la-persona-tipica-de-lescola\/\" title=\"Read Busquem la Persona T\u00cdPICA de l&#8217;escola.\">Llegeix m\u00e9s\u00bb<\/a><\/p>\n","protected":false},"author":21,"featured_media":1507,"comment_status":"open","ping_status":"open","sticky":false,"template":"","format":"standard","meta":{"_bbp_topic_count":0,"_bbp_reply_count":0,"_bbp_total_topic_count":0,"_bbp_total_reply_count":0,"_bbp_voice_count":0,"_bbp_anonymous_reply_count":0,"_bbp_topic_count_hidden":0,"_bbp_reply_count_hidden":0,"_bbp_forum_subforum_count":0,"footnotes":""},"categories":[85,114,69],"tags":[],"class_list":["post-1469","post","type-post","status-publish","format-standard","has-post-thumbnail","hentry","category-mitja-espigol","category-curs16-17","category-escola-espigol"],"post_mailing_queue_ids":[],"_links":{"self":[{"href":"https:\/\/agora.xtec.cat\/zerriuondara\/wp-json\/wp\/v2\/posts\/1469","targetHints":{"allow":["GET"]}}],"collection":[{"href":"https:\/\/agora.xtec.cat\/zerriuondara\/wp-json\/wp\/v2\/posts"}],"about":[{"href":"https:\/\/agora.xtec.cat\/zerriuondara\/wp-json\/wp\/v2\/types\/post"}],"author":[{"embeddable":true,"href":"https:\/\/agora.xtec.cat\/zerriuondara\/wp-json\/wp\/v2\/users\/21"}],"replies":[{"embeddable":true,"href":"https:\/\/agora.xtec.cat\/zerriuondara\/wp-json\/wp\/v2\/comments?post=1469"}],"version-history":[{"count":3,"href":"https:\/\/agora.xtec.cat\/zerriuondara\/wp-json\/wp\/v2\/posts\/1469\/revisions"}],"predecessor-version":[{"id":1509,"href":"https:\/\/agora.xtec.cat\/zerriuondara\/wp-json\/wp\/v2\/posts\/1469\/revisions\/1509"}],"wp:featuredmedia":[{"embeddable":true,"href":"https:\/\/agora.xtec.cat\/zerriuondara\/wp-json\/wp\/v2\/media\/1507"}],"wp:attachment":[{"href":"https:\/\/agora.xtec.cat\/zerriuondara\/wp-json\/wp\/v2\/media?parent=1469"}],"wp:term":[{"taxonomy":"category","embeddable":true,"href":"https:\/\/agora.xtec.cat\/zerriuondara\/wp-json\/wp\/v2\/categories?post=1469"},{"taxonomy":"post_tag","embeddable":true,"href":"https:\/\/agora.xtec.cat\/zerriuondara\/wp-json\/wp\/v2\/tags?post=1469"}],"curies":[{"name":"wp","href":"https:\/\/api.w.org\/{rel}","templated":true}]}}