{"id":1049,"date":"2016-05-22T12:13:36","date_gmt":"2016-05-22T11:13:36","guid":{"rendered":"http:\/\/agora.xtec.cat\/zerriuondara\/?p=1049"},"modified":"2016-05-22T12:13:36","modified_gmt":"2016-05-22T11:13:36","slug":"visitem-el-parlament-de-catalunya","status":"publish","type":"post","link":"https:\/\/agora.xtec.cat\/zerriuondara\/escola-st-roc\/visitem-el-parlament-de-catalunya\/","title":{"rendered":"VISITEM EL PARLAMENT DE CATALUNYA"},"content":{"rendered":"<p>El passat divendres, els alumnes de Cicle Superior de la ZER vam viure l&#8217;experi\u00e8ncia &#8220;in situ&#8221; de fer de DIPUTATS I DIPUTADES i realitzar tot un proc\u00e9s electoral: formar un grup pol\u00edtic, planificar el programa, defensar-lo, pactar, escollir president de la mesa, president del govern, formar govern&#8230; Despr\u00e9s vam visitar el Parlament, les sales, l&#8217;hemicicle&#8230; I finalment vam estar pel parc de la Ciutadella i una visita al Born.<\/p>\n<p>Va ser una sortida enriquidora i ens ho vam passar molt b\u00e9!!! Aqu\u00ed en teniu la mostra<\/p>\n<p><embed type=\"application\/x-shockwave-flash\" src=\"https:\/\/photos.gstatic.com\/media\/slideshow.swf\" width=\"600\" height=\"400\" flashvars=\"host=picasaweb.google.com&#038;hl=es&#038;feat=flashalbum&#038;RGB=0x000000&#038;feed=https%3A%2F%2Fpicasaweb.google.com%2Fdata%2Ffeed%2Fapi%2Fuser%2F103026504849709650447%2Falbumid%2F6287462213424360225%3Falt%3Drss%26kind%3Dphoto%26hl%3Des\" pluginspage=\"http:\/\/www.macromedia.com\/go\/getflashplayer\"><\/embed><\/p>\n","protected":false},"excerpt":{"rendered":"<p>El passat divendres, els alumnes de Cicle Superior de la ZER vam viure l&#8217;experi\u00e8ncia &#8220;in situ&#8221; de fer de DIPUTATS I DIPUTADES i realitzar tot un proc\u00e9s electoral: formar un grup pol\u00edtic, planificar el programa, defensar-lo, pactar, escollir president de la mesa, president del govern,&hellip;  <a href=\"https:\/\/agora.xtec.cat\/zerriuondara\/escola-st-roc\/visitem-el-parlament-de-catalunya\/\" title=\"Read VISITEM EL PARLAMENT DE CATALUNYA\">Llegeix m\u00e9s\u00bb<\/a><\/p>\n","protected":false},"author":1,"featured_media":0,"comment_status":"open","ping_status":"open","sticky":false,"template":"","format":"standard","meta":{"_bbp_topic_count":0,"_bbp_reply_count":0,"_bbp_total_topic_count":0,"_bbp_total_reply_count":0,"_bbp_voice_count":0,"_bbp_anonymous_reply_count":0,"_bbp_topic_count_hidden":0,"_bbp_reply_count_hidden":0,"_bbp_forum_subforum_count":0,"footnotes":""},"categories":[86,66,95,69,59],"tags":[],"class_list":["post-1049","post","type-post","status-publish","format-standard","hentry","category-superior-espigol","category-superior-sant-roc","category-curs15-16","category-escola-espigol","category-escola-st-roc"],"post_mailing_queue_ids":[],"_links":{"self":[{"href":"https:\/\/agora.xtec.cat\/zerriuondara\/wp-json\/wp\/v2\/posts\/1049","targetHints":{"allow":["GET"]}}],"collection":[{"href":"https:\/\/agora.xtec.cat\/zerriuondara\/wp-json\/wp\/v2\/posts"}],"about":[{"href":"https:\/\/agora.xtec.cat\/zerriuondara\/wp-json\/wp\/v2\/types\/post"}],"author":[{"embeddable":true,"href":"https:\/\/agora.xtec.cat\/zerriuondara\/wp-json\/wp\/v2\/users\/1"}],"replies":[{"embeddable":true,"href":"https:\/\/agora.xtec.cat\/zerriuondara\/wp-json\/wp\/v2\/comments?post=1049"}],"version-history":[{"count":2,"href":"https:\/\/agora.xtec.cat\/zerriuondara\/wp-json\/wp\/v2\/posts\/1049\/revisions"}],"predecessor-version":[{"id":1051,"href":"https:\/\/agora.xtec.cat\/zerriuondara\/wp-json\/wp\/v2\/posts\/1049\/revisions\/1051"}],"wp:attachment":[{"href":"https:\/\/agora.xtec.cat\/zerriuondara\/wp-json\/wp\/v2\/media?parent=1049"}],"wp:term":[{"taxonomy":"category","embeddable":true,"href":"https:\/\/agora.xtec.cat\/zerriuondara\/wp-json\/wp\/v2\/categories?post=1049"},{"taxonomy":"post_tag","embeddable":true,"href":"https:\/\/agora.xtec.cat\/zerriuondara\/wp-json\/wp\/v2\/tags?post=1049"}],"curies":[{"name":"wp","href":"https:\/\/api.w.org\/{rel}","templated":true}]}}