{"id":794,"date":"2016-09-19T10:04:24","date_gmt":"2016-09-19T08:04:24","guid":{"rendered":"http:\/\/agora.xtec.cat\/zerriuavall\/?p=794"},"modified":"2022-08-01T19:15:43","modified_gmt":"2022-08-01T17:15:43","slug":"tornem-a-lescola","status":"publish","type":"post","link":"https:\/\/agora.xtec.cat\/zerriuavall\/escola-la-pineda\/tornem-a-lescola\/","title":{"rendered":"TORNEM A L&#8217;ESCOLA"},"content":{"rendered":"<p><a href=\"http:\/\/agora.xtec.cat\/zerriuavall\/wp-content\/uploads\/usu146\/2016\/09\/20160921_104311.jpg\"><img loading=\"lazy\" decoding=\"async\" class=\"alignnone size-large wp-image-797\" src=\"http:\/\/agora.xtec.cat\/zerriuavall\/wp-content\/uploads\/usu146\/2016\/09\/20160921_104311-1024x768.jpg\" alt=\"20160921_104311\" width=\"1024\" height=\"768\" srcset=\"https:\/\/agora.xtec.cat\/zerriuavall\/wp-content\/uploads\/usu146\/2016\/09\/20160921_104311.jpg 1024w, https:\/\/agora.xtec.cat\/zerriuavall\/wp-content\/uploads\/usu146\/2016\/09\/20160921_104311-300x225.jpg 300w, https:\/\/agora.xtec.cat\/zerriuavall\/wp-content\/uploads\/usu146\/2016\/09\/20160921_104311-768x576.jpg 768w, https:\/\/agora.xtec.cat\/zerriuavall\/wp-content\/uploads\/usu146\/2016\/09\/20160921_104311-200x150.jpg 200w\" sizes=\"auto, (max-width: 1024px) 100vw, 1024px\" \/><\/a>S\u2019han acabat les vacances i \u00a0comen\u00e7a l\u2019escola ! Aquest curs han millorat moltes coses. Com per exemple : Han pintat les parets, fiquen m\u00fasica quan entrem i sortim de escola i \u00a0moltes coses m\u00e9s. Aquest \u00e9s el meu \u00faltim any en aquesta escola i \u00a0em fa molt\u00ed\u00ed\u00ed\u00ed\u00ed\u00ed\u00ed\u00ed\u00ed\u00ed\u00edssima pena \ud83d\ude41 \ud83d\ude41\u00a0\u00a0\u00a0\u00a0\u00a0 Us desitjo el millor en aquest curs !!!!!!!!!!!!!! \ud83d\ude09\u00a0\u00a0\u00a0\u00a0\u00a0\u00a0\u00a0\u00a0\u00a0\u00a0\u00a0\u00a0\u00a0\u00a0\u00a0\u00a0\u00a0\u00a0\u00a0\u00a0\u00a0\u00a0\u00a0\u00a0\u00a0\u00a0\u00a0\u00a0\u00a0\u00a0\u00a0\u00a0\u00a0\u00a0\u00a0\u00a0\u00a0 MGM<\/p>\n<p>Ja hem comen\u00e7at el curs 2016-2017.Aquest curs \u00e9s l\u2019\u00faltim que passo en aquesta escola. Aquest \u00faltim curs ens ho passarem b\u00e9.\u00a0\u00a0\u00a0\u00a0\u00a0\u00a0\u00a0\u00a0\u00a0\u00a0\u00a0\u00a0\u00a0\u00a0\u00a0\u00a0\u00a0\u00a0\u00a0\u00a0\u00a0\u00a0\u00a0\u00a0\u00a0\u00a0\u00a0\u00a0\u00a0\u00a0\u00a0\u00a0\u00a0\u00a0\u00a0\u00a0\u00a0\u00a0\u00a0\u00a0\u00a0\u00a0\u00a0\u00a0\u00a0\u00a0\u00a0\u00a0\u00a0\u00a0\u00a0\u00a0\u00a0\u00a0\u00a0\u00a0\u00a0\u00a0\u00a0\u00a0\u00a0\u00a0\u00a0\u00a0\u00a0\u00a0\u00a0\u00a0\u00a0\u00a0\u00a0\u00a0\u00a0\u00a0\u00a0\u00a0\u00a0\u00a0\u00a0\u00a0\u00a0\u00a0\u00a0\u00a0\u00a0\u00a0\u00a0\u00a0\u00a0\u00a0\u00a0\u00a0\u00a0\u00a0\u00a0\u00a0\u00a0\u00a0\u00a0\u00a0\u00a0\u00a0\u00a0\u00a0\u00a0\u00a0\u00a0\u00a0\u00a0\u00a0\u00a0\u00a0\u00a0\u00a0\u00a0\u00a0\u00a0\u00a0\u00a0\u00a0\u00a0\u00a0\u00a0\u00a0\u00a0\u00a0\u00a0\u00a0\u00a0\u00a0\u00a0\u00a0\u00a0\u00a0\u00a0\u00a0\u00a0\u00a0\u00a0\u00a0\u00a0\u00a0\u00a0\u00a0\u00a0\u00a0\u00a0\u00a0\u00a0\u00a0\u00a0\u00a0\u00a0\u00a0\u00a0\u00a0\u00a0\u00a0\u00a0\u00a0\u00a0\u00a0\u00a0\u00a0\u00a0\u00a0 DPC<\/p>\n<p>Benvinguts al nou curs esperem que en aquest curs us ho passeu molt b\u00e9. Heu de pensar que aqu\u00ed no es ve sols per jugar sin\u00f3 tamb\u00e9 es ve per aprendre. I aix\u00ed cada cop creixereu m\u00e9s. Fins el pr\u00f2xim curs!!!\u00a0\u00a0\u00a0 \u00a0\u00a0\u00a0 \u00a0\u00a0\u00a0 \u00a0\u00a0\u00a0 \u00a0\u00a0\u00a0 \u00a0\u00a0\u00a0 \u00a0\u00a0 \u00a0 \u00a0 \u00a0 \u00a0 \u00a0\u00a0 MPC<\/p>\n<p>Ja s\u2019han acabat les vacances! Aquest any esperem que vagi tot molt b\u00e9! Ja farem 6\u00e8 i l\u2019any que ve a l\u2019insti. Us desitjo que us vagi tot molt b\u00e9, que aprengueu molt i que xaleu!!!!!\u00a0\u00a0\u00a0\u00a0\u00a0\u00a0\u00a0\u00a0\u00a0\u00a0\u00a0\u00a0\u00a0\u00a0\u00a0\u00a0\u00a0\u00a0\u00a0\u00a0\u00a0\u00a0\u00a0\u00a0\u00a0\u00a0\u00a0\u00a0\u00a0\u00a0\u00a0\u00a0\u00a0\u00a0\u00a0\u00a0\u00a0\u00a0\u00a0\u00a0\u00a0\u00a0\u00a0\u00a0\u00a0\u00a0\u00a0\u00a0\u00a0\u00a0\u00a0\u00a0\u00a0\u00a0\u00a0\u00a0\u00a0\u00a0\u00a0\u00a0\u00a0\u00a0\u00a0\u00a0\u00a0\u00a0\u00a0\u00a0\u00a0\u00a0\u00a0\u00a0\u00a0\u00a0\u00a0\u00a0\u00a0\u00a0\u00a0\u00a0\u00a0\u00a0\u00a0\u00a0\u00a0\u00a0\u00a0\u00a0 \u00a0\u00a0 NPP<\/p>\n<p>Aquest any espero passar-ho molt b\u00e9 i treure millors notes que l\u2019any passat.Aquest curs ja no tenim a Vicent com a mestre d\u2019educaci\u00f3 f\u00edsica \u00a0tenim a Carlos\u00a0 perqu\u00e8 Vicent s\u2019ha jubilat\u00a0 Fabi\u00e0 ha marxat a B\u00edtem Han vingut un munt de mestres noves,\u00a0 Sonia que \u00e9s la mestra de m\u00fasica o la de castell\u00e0 que\u00a0 es diu Sandra.\u00a0\u00a0\u00a0\u00a0\u00a0\u00a0\u00a0\u00a0\u00a0\u00a0\u00a0\u00a0\u00a0\u00a0\u00a0\u00a0\u00a0\u00a0\u00a0\u00a0\u00a0\u00a0\u00a0\u00a0\u00a0\u00a0\u00a0\u00a0\u00a0\u00a0\u00a0\u00a0\u00a0\u00a0\u00a0\u00a0\u00a0\u00a0\u00a0\u00a0\u00a0\u00a0\u00a0\u00a0\u00a0\u00a0\u00a0\u00a0\u00a0\u00a0\u00a0\u00a0\u00a0\u00a0\u00a0\u00a0\u00a0\u00a0\u00a0\u00a0\u00a0\u00a0\u00a0\u00a0\u00a0\u00a0\u00a0\u00a0\u00a0\u00a0\u00a0\u00a0\u00a0\u00a0\u00a0\u00a0\u00a0\u00a0\u00a0\u00a0\u00a0\u00a0\u00a0\u00a0\u00a0\u00a0\u00a0\u00a0\u00a0\u00a0\u00a0\u00a0\u00a0\u00a0\u00a0\u00a0\u00a0\u00a0\u00a0\u00a0\u00a0\u00a0\u00a0\u00a0\u00a0\u00a0\u00a0\u00a0\u00a0\u00a0\u00a0\u00a0\u00a0\u00a0\u00a0\u00a0\u00a0\u00a0\u00a0\u00a0\u00a0\u00a0\u00a0\u00a0\u00a0\u00a0\u00a0\u00a0\u00a0\u00a0\u00a0\u00a0\u00a0\u00a0\u00a0\u00a0\u00a0\u00a0\u00a0\u00a0\u00a0\u00a0\u00a0\u00a0\u00a0\u00a0\u00a0\u00a0\u00a0\u00a0\u00a0\u00a0\u00a0\u00a0\u00a0\u00a0\u00a0\u00a0\u00a0\u00a0\u00a0\u00a0\u00a0\u00a0\u00a0\u00a0\u00a0\u00a0\u00a0\u00a0\u00a0\u00a0\u00a0\u00a0\u00a0\u00a0 ARC<\/p>\n<p>Es hora de tornar a l\u2019escola, alguns ja en tenien ganes. Aquest any far\u00e9 5\u00e8 de prim\u00e0ria, estar\u00e9 a la classe de C.S. Aquest any hi ha molts mestres nous: S\u00f2nia (la mestra de m\u00fasica), Carlos (el mestre d&#8217;educaci\u00f3 f\u00edsica) i Eva la tutora de C.M. Tamb\u00e9 hi ha moltes coses noves, com ara la m\u00fasica quan arribem o marxem i E.F en angl\u00e8s.Espero que ens vagi molt b\u00e9 a tots!! \u00a0\u00a0\u00a0\u00a0\u00a0\u00a0\u00a0 \u00a0 \u00a0 \u00a0 \u00a0 \u00a0 \u00a0 \u00a0 \u00a0 \u00a0 \u00a0 \u00a0 \u00a0 \u00a0 \u00a0 \u00a0 \u00a0 \u00a0 \u00a0 \u00a0 \u00a0 \u00a0 \u00a0 \u00a0 \u00a0 \u00a0 \u00a0 \u00a0 \u00a0 \u00a0 \u00a0 \u00a0 \u00a0 \u00a0 \u00a0 \u00a0 \u00a0 \u00a0 \u00a0 \u00a0 \u00a0 \u00a0 \u00a0 \u00a0 \u00a0 \u00a0 \u00a0 \u00a0 \u00a0 \u00a0 \u00a0 \u00a0 \u00a0 \u00a0 \u00a0 \u00a0 \u00a0 \u00a0 \u00a0 \u00a0 \u00a0 \u00a0 \u00a0 \u00a0 \u00a0 \u00a0 \u00a0 \u00a0 \u00a0 \u00a0 \u00a0 \u00a0 \u00a0 \u00a0\u00a0\u00a0\u00a0\u00a0 GBC<\/p>\n<p>Ja hem tornat de les vacances. Enguany ja faig CS\u00a0 i\u00a0 tenim de tutora a In\u00e9s.Continuem sent els mateixos alumnes que sempre: Jo,Marina,Nafissa,Carlota,D\u00eddac etc\u00a0 Aix\u00ed \u00e9s com hem comen\u00e7at el cole.\u00a0\u00a0\u00a0\u00a0\u00a0\u00a0\u00a0\u00a0\u00a0\u00a0\u00a0\u00a0\u00a0\u00a0\u00a0\u00a0\u00a0\u00a0\u00a0\u00a0\u00a0\u00a0\u00a0\u00a0\u00a0\u00a0\u00a0\u00a0\u00a0\u00a0\u00a0\u00a0\u00a0\u00a0\u00a0\u00a0 \u00a0 \u00a0 \u00a0 \u00a0 \u00a0 \u00a0 \u00a0 \u00a0 \u00a0\u00a0 LBC<\/p>\n<p>Ja tornem\u00a0 a estar de volta al cole!! S\u2019han acabat les vacances i \u00a0tornem un altre curs a l\u2019escola la Pineda:(:(Ja faig 5\u00e8 de cicle superior i ja s\u00f3c m\u00e9s gran cada any els treballs s\u00f3n m\u00e9s dif\u00edcils.\u00a0\u00a0\u00a0\u00a0\u00a0\u00a0\u00a0\u00a0\u00a0\u00a0\u00a0\u00a0\u00a0\u00a0\u00a0\u00a0\u00a0\u00a0\u00a0\u00a0\u00a0\u00a0\u00a0\u00a0\u00a0\u00a0\u00a0\u00a0\u00a0\u00a0\u00a0\u00a0\u00a0\u00a0\u00a0\u00a0\u00a0\u00a0\u00a0\u00a0\u00a0\u00a0\u00a0\u00a0\u00a0\u00a0\u00a0\u00a0\u00a0\u00a0\u00a0\u00a0\u00a0\u00a0\u00a0\u00a0\u00a0\u00a0\u00a0\u00a0\u00a0\u00a0\u00a0\u00a0\u00a0\u00a0\u00a0\u00a0\u00a0\u00a0\u00a0\u00a0\u00a0 NIY<\/p>\n<p>Ja em tornat de vacances espero passar-m\u2019ho molt b\u00e9 este curs. Ja faig cinqu\u00e8 de C.S. ja s\u00f3c m\u00e9s gran!!!!!! Tenim mestres nous (Carlos,Sandra,Sonia i Eva)\u00a0\u00a0\u00a0\u00a0\u00a0\u00a0\u00a0\u00a0\u00a0\u00a0\u00a0\u00a0\u00a0\u00a0\u00a0\u00a0\u00a0\u00a0\u00a0\u00a0\u00a0\u00a0\u00a0\u00a0\u00a0\u00a0\u00a0\u00a0\u00a0\u00a0\u00a0\u00a0\u00a0\u00a0\u00a0\u00a0\u00a0\u00a0\u00a0\u00a0\u00a0\u00a0\u00a0\u00a0\u00a0\u00a0\u00a0\u00a0\u00a0\u00a0\u00a0\u00a0\u00a0\u00a0\u00a0\u00a0\u00a0\u00a0\u00a0\u00a0\u00a0\u00a0\u00a0\u00a0\u00a0\u00a0\u00a0\u00a0\u00a0\u00a0\u00a0\u00a0\u00a0\u00a0\u00a0\u00a0\u00a0\u00a0\u00a0\u00a0\u00a0\u00a0\u00a0\u00a0\u00a0\u00a0\u00a0\u00a0\u00a0\u00a0\u00a0\u00a0\u00a0\u00a0\u00a0\u00a0\u00a0\u00a0\u00a0\u00a0\u00a0\u00a0\u00a0\u00a0\u00a0\u00a0\u00a0\u00a0\u00a0\u00a0\u00a0\u00a0\u00a0\u00a0\u00a0\u00a0\u00a0 \u00a0 \u00a0\u00a0 IME<\/p>\n<p>Ja s&#8217;han acabat les vacances i la escola ha comen\u00e7at . Ara ja estic a cicle superior, el curs m\u00e9s alt i un dels m\u00e9s dif\u00edcils encara no em puc creure que els de sis\u00e8 marxin a l&#8217; institut.\u00a0\u00a0\u00a0\u00a0\u00a0\u00a0\u00a0\u00a0\u00a0\u00a0\u00a0\u00a0\u00a0\u00a0\u00a0\u00a0\u00a0\u00a0\u00a0\u00a0\u00a0\u00a0\u00a0\u00a0\u00a0\u00a0\u00a0\u00a0\u00a0\u00a0\u00a0\u00a0\u00a0\u00a0\u00a0\u00a0\u00a0\u00a0\u00a0\u00a0\u00a0\u00a0\u00a0\u00a0\u00a0\u00a0\u00a0\u00a0\u00a0\u00a0\u00a0\u00a0\u00a0\u00a0\u00a0\u00a0\u00a0\u00a0\u00a0\u00a0\u00a0\u00a0\u00a0\u00a0\u00a0\u00a0\u00a0\u00a0\u00a0\u00a0\u00a0\u00a0\u00a0\u00a0\u00a0\u00a0\u00a0\u00a0\u00a0\u00a0\u00a0\u00a0\u00a0\u00a0\u00a0\u00a0\u00a0\u00a0\u00a0\u00a0\u00a0\u00a0\u00a0\u00a0 COG<\/p>\n<p>Aquest any ja estic a C.S cada any l\u00b4escola \u00e9s m\u00e9s dif\u00edcil. Espero aprendre moltes coses com: fraccions, millorar la lletra, tamb\u00e9 la lectura, aprendre a posar accents i no tindre tantes dificultats\u2026 \u00a0 \u00a0 \u00a0 \u00a0 \u00a0 \u00a0 \u00a0 \u00a0 \u00a0 \u00a0 \u00a0 \u00a0 \u00a0 \u00a0 \u00a0 \u00a0 \u00a0 \u00a0 \u00a0 \u00a0 \u00a0 \u00a0 \u00a0 \u00a0 \u00a0 \u00a0 \u00a0 \u00a0\u00a0 APF<\/p>\n<p>&nbsp;<\/p>\n<p>&nbsp;<\/p>\n<p>&nbsp;<\/p>\n<p>&nbsp;<\/p>\n","protected":false},"excerpt":{"rendered":"<p><a href=\"http:\/\/agora.xtec.cat\/zerriuavall\/wp-content\/uploads\/usu146\/2016\/09\/20160921_104311.jpg\"><\/a>S\u2019han acabat les vacances i \u00a0comen\u00e7a l\u2019escola ! Aquest curs han millorat moltes coses. Com per exemple : Han pintat les parets, fiquen m\u00fasica quan entrem i sortim de escola i \u00a0moltes coses m\u00e9s. Aquest \u00e9s el meu \u00faltim any en aquesta escola i&hellip;  <a href=\"https:\/\/agora.xtec.cat\/zerriuavall\/escola-la-pineda\/tornem-a-lescola\/\" title=\"Read TORNEM A L&#8217;ESCOLA\">Llegeix m\u00e9s\u00bb<\/a><\/p>\n","protected":false},"author":4,"featured_media":797,"comment_status":"open","ping_status":"open","sticky":false,"template":"","format":"standard","meta":{"_bbp_topic_count":0,"_bbp_reply_count":0,"_bbp_total_topic_count":0,"_bbp_total_reply_count":0,"_bbp_voice_count":0,"_bbp_anonymous_reply_count":0,"_bbp_topic_count_hidden":0,"_bbp_reply_count_hidden":0,"_bbp_forum_subforum_count":0,"footnotes":""},"categories":[149],"tags":[80],"class_list":["post-794","post","type-post","status-publish","format-standard","has-post-thumbnail","hentry","category-escola-la-pineda","tag-2016-2017"],"post_mailing_queue_ids":[],"_links":{"self":[{"href":"https:\/\/agora.xtec.cat\/zerriuavall\/wp-json\/wp\/v2\/posts\/794","targetHints":{"allow":["GET"]}}],"collection":[{"href":"https:\/\/agora.xtec.cat\/zerriuavall\/wp-json\/wp\/v2\/posts"}],"about":[{"href":"https:\/\/agora.xtec.cat\/zerriuavall\/wp-json\/wp\/v2\/types\/post"}],"author":[{"embeddable":true,"href":"https:\/\/agora.xtec.cat\/zerriuavall\/wp-json\/wp\/v2\/users\/4"}],"replies":[{"embeddable":true,"href":"https:\/\/agora.xtec.cat\/zerriuavall\/wp-json\/wp\/v2\/comments?post=794"}],"version-history":[{"count":3,"href":"https:\/\/agora.xtec.cat\/zerriuavall\/wp-json\/wp\/v2\/posts\/794\/revisions"}],"predecessor-version":[{"id":799,"href":"https:\/\/agora.xtec.cat\/zerriuavall\/wp-json\/wp\/v2\/posts\/794\/revisions\/799"}],"wp:featuredmedia":[{"embeddable":true,"href":"https:\/\/agora.xtec.cat\/zerriuavall\/wp-json\/wp\/v2\/media\/797"}],"wp:attachment":[{"href":"https:\/\/agora.xtec.cat\/zerriuavall\/wp-json\/wp\/v2\/media?parent=794"}],"wp:term":[{"taxonomy":"category","embeddable":true,"href":"https:\/\/agora.xtec.cat\/zerriuavall\/wp-json\/wp\/v2\/categories?post=794"},{"taxonomy":"post_tag","embeddable":true,"href":"https:\/\/agora.xtec.cat\/zerriuavall\/wp-json\/wp\/v2\/tags?post=794"}],"curies":[{"name":"wp","href":"https:\/\/api.w.org\/{rel}","templated":true}]}}