{"id":740,"date":"2016-05-12T13:29:13","date_gmt":"2016-05-12T11:29:13","guid":{"rendered":"http:\/\/agora.xtec.cat\/zerriuavall\/?p=740"},"modified":"2022-08-01T19:21:11","modified_gmt":"2022-08-01T17:21:11","slug":"mostra-de-teatre-escolar","status":"publish","type":"post","link":"https:\/\/agora.xtec.cat\/zerriuavall\/escola-la-pineda\/mostra-de-teatre-escolar\/","title":{"rendered":"MOSTRA DE TEATRE ESCOLAR"},"content":{"rendered":"<p>L&#8217;alumnat de P3, P4 i P5 de l&#8217;Escola La Pineda ha participat en la 32a Mostra de Teatre escolar que s&#8217;ha celebrat a l&#8217;Auditori Felip Pedrell de Tortosa.<\/p>\n<p>En aquesta ocasi\u00f3, hem pogut gaudir de la representaci\u00f3 d&#8217;una adaptaci\u00f3 el conte: <strong>&#8220;La rateta que escombrava l&#8217;escaleta&#8221;<\/strong>.<\/p>\n<p>Si voleu veure algunes fotos, cliqueu a la imatge.<\/p>\n<p><a href=\"https:\/\/goo.gl\/photos\/R6MRg3djPoaT9CpMA\" target=\"_blank\" rel=\"noopener\"><img loading=\"lazy\" decoding=\"async\" class=\"aligncenter  wp-image-741\" src=\"http:\/\/agora.xtec.cat\/zerriuavall\/wp-content\/uploads\/usu146\/2016\/05\/teatre-rateta-300x225.png\" alt=\"teatre rateta\" width=\"367\" height=\"275\" srcset=\"https:\/\/agora.xtec.cat\/zerriuavall\/wp-content\/uploads\/usu146\/2016\/05\/teatre-rateta-300x225.png 300w, https:\/\/agora.xtec.cat\/zerriuavall\/wp-content\/uploads\/usu146\/2016\/05\/teatre-rateta-200x150.png 200w, https:\/\/agora.xtec.cat\/zerriuavall\/wp-content\/uploads\/usu146\/2016\/05\/teatre-rateta.png 798w\" sizes=\"auto, (max-width: 367px) 100vw, 367px\" \/><\/a><\/p>\n","protected":false},"excerpt":{"rendered":"<p>L&#8217;alumnat de P3, P4 i P5 de l&#8217;Escola La Pineda ha participat en la 32a Mostra de Teatre escolar que s&#8217;ha celebrat a l&#8217;Auditori Felip Pedrell de Tortosa.<br \/>\nEn aquesta ocasi\u00f3, hem pogut gaudir de la representaci\u00f3 d&#8217;una adaptaci\u00f3 el conte: &#8220;La rateta que escombrava l&#8217;escaleta&#8221;.<br \/>\nSi&hellip;  <a href=\"https:\/\/agora.xtec.cat\/zerriuavall\/escola-la-pineda\/mostra-de-teatre-escolar\/\" title=\"Read MOSTRA DE TEATRE ESCOLAR\">Llegeix m\u00e9s\u00bb<\/a><\/p>\n","protected":false},"author":4,"featured_media":741,"comment_status":"open","ping_status":"open","sticky":false,"template":"","format":"standard","meta":{"_bbp_topic_count":0,"_bbp_reply_count":0,"_bbp_total_topic_count":0,"_bbp_total_reply_count":0,"_bbp_voice_count":0,"_bbp_anonymous_reply_count":0,"_bbp_topic_count_hidden":0,"_bbp_reply_count_hidden":0,"_bbp_forum_subforum_count":0,"footnotes":""},"categories":[149],"tags":[30],"class_list":["post-740","post","type-post","status-publish","format-standard","has-post-thumbnail","hentry","category-escola-la-pineda","tag-2015-2016"],"post_mailing_queue_ids":[],"_links":{"self":[{"href":"https:\/\/agora.xtec.cat\/zerriuavall\/wp-json\/wp\/v2\/posts\/740","targetHints":{"allow":["GET"]}}],"collection":[{"href":"https:\/\/agora.xtec.cat\/zerriuavall\/wp-json\/wp\/v2\/posts"}],"about":[{"href":"https:\/\/agora.xtec.cat\/zerriuavall\/wp-json\/wp\/v2\/types\/post"}],"author":[{"embeddable":true,"href":"https:\/\/agora.xtec.cat\/zerriuavall\/wp-json\/wp\/v2\/users\/4"}],"replies":[{"embeddable":true,"href":"https:\/\/agora.xtec.cat\/zerriuavall\/wp-json\/wp\/v2\/comments?post=740"}],"version-history":[{"count":2,"href":"https:\/\/agora.xtec.cat\/zerriuavall\/wp-json\/wp\/v2\/posts\/740\/revisions"}],"predecessor-version":[{"id":3117,"href":"https:\/\/agora.xtec.cat\/zerriuavall\/wp-json\/wp\/v2\/posts\/740\/revisions\/3117"}],"wp:featuredmedia":[{"embeddable":true,"href":"https:\/\/agora.xtec.cat\/zerriuavall\/wp-json\/wp\/v2\/media\/741"}],"wp:attachment":[{"href":"https:\/\/agora.xtec.cat\/zerriuavall\/wp-json\/wp\/v2\/media?parent=740"}],"wp:term":[{"taxonomy":"category","embeddable":true,"href":"https:\/\/agora.xtec.cat\/zerriuavall\/wp-json\/wp\/v2\/categories?post=740"},{"taxonomy":"post_tag","embeddable":true,"href":"https:\/\/agora.xtec.cat\/zerriuavall\/wp-json\/wp\/v2\/tags?post=740"}],"curies":[{"name":"wp","href":"https:\/\/api.w.org\/{rel}","templated":true}]}}