{"id":725,"date":"2016-05-11T09:28:20","date_gmt":"2016-05-11T07:28:20","guid":{"rendered":"http:\/\/agora.xtec.cat\/zerriuavall\/?p=725"},"modified":"2022-08-01T19:22:29","modified_gmt":"2022-08-01T17:22:29","slug":"taller-de-pasqua","status":"publish","type":"post","link":"https:\/\/agora.xtec.cat\/zerriuavall\/general\/taller-de-pasqua\/","title":{"rendered":"TALLER DE PASQUA"},"content":{"rendered":"<p>A l\u2019escola ens agrada mesclar-nos i fer tallers.<br \/>\nAprofitant que ve Setmana Santa i Pasqua a l\u2019escola ho hem celebrat decorant ous ( Easter Eggs) i tamb\u00e9 buscant-ne ( Hunting eggs).<br \/>\nTots els cursos ens hem barrejat i despr\u00e9s ens hem posat en grups per decorar els ous. Els m\u00e9s grans hem ajudats als petits i ens ho hem passat molt b\u00e9.<br \/>\nQuan hem acabat la decoraci\u00f3 hem sortit al pati, en grups, a buscar els ous amagats. Per trobar-los hem hagut de mirar un pl\u00e0nol que han fet els nens i nenes de cinqu\u00e8 a matem\u00e0tiques. Per recollir-los, tamb\u00e9 hem aprofitat les cistelles que hem constru\u00eft a pl\u00e0stica.<br \/>\nHem acabat la tarda menjant els ous de xocolate que hem trobat!<\/p>\n","protected":false},"excerpt":{"rendered":"<p>A l\u2019escola ens agrada mesclar-nos i fer tallers.<br \/>\nAprofitant que ve Setmana Santa i Pasqua a l\u2019escola ho hem celebrat decorant ous ( Easter Eggs) i tamb\u00e9 buscant-ne ( Hunting eggs).<br \/>\nTots els cursos ens hem barrejat i despr\u00e9s ens hem posat en grups per decorar els&hellip;  <a href=\"https:\/\/agora.xtec.cat\/zerriuavall\/general\/taller-de-pasqua\/\" title=\"Read TALLER DE PASQUA\">Llegeix m\u00e9s\u00bb<\/a><\/p>\n","protected":false},"author":4,"featured_media":0,"comment_status":"open","ping_status":"open","sticky":false,"template":"","format":"standard","meta":{"_bbp_topic_count":0,"_bbp_reply_count":0,"_bbp_total_topic_count":0,"_bbp_total_reply_count":0,"_bbp_voice_count":0,"_bbp_anonymous_reply_count":0,"_bbp_topic_count_hidden":0,"_bbp_reply_count_hidden":0,"_bbp_forum_subforum_count":0,"footnotes":""},"categories":[149,1],"tags":[30],"class_list":["post-725","post","type-post","status-publish","format-standard","hentry","category-escola-la-pineda","category-general","tag-2015-2016"],"post_mailing_queue_ids":[],"_links":{"self":[{"href":"https:\/\/agora.xtec.cat\/zerriuavall\/wp-json\/wp\/v2\/posts\/725","targetHints":{"allow":["GET"]}}],"collection":[{"href":"https:\/\/agora.xtec.cat\/zerriuavall\/wp-json\/wp\/v2\/posts"}],"about":[{"href":"https:\/\/agora.xtec.cat\/zerriuavall\/wp-json\/wp\/v2\/types\/post"}],"author":[{"embeddable":true,"href":"https:\/\/agora.xtec.cat\/zerriuavall\/wp-json\/wp\/v2\/users\/4"}],"replies":[{"embeddable":true,"href":"https:\/\/agora.xtec.cat\/zerriuavall\/wp-json\/wp\/v2\/comments?post=725"}],"version-history":[{"count":3,"href":"https:\/\/agora.xtec.cat\/zerriuavall\/wp-json\/wp\/v2\/posts\/725\/revisions"}],"predecessor-version":[{"id":739,"href":"https:\/\/agora.xtec.cat\/zerriuavall\/wp-json\/wp\/v2\/posts\/725\/revisions\/739"}],"wp:attachment":[{"href":"https:\/\/agora.xtec.cat\/zerriuavall\/wp-json\/wp\/v2\/media?parent=725"}],"wp:term":[{"taxonomy":"category","embeddable":true,"href":"https:\/\/agora.xtec.cat\/zerriuavall\/wp-json\/wp\/v2\/categories?post=725"},{"taxonomy":"post_tag","embeddable":true,"href":"https:\/\/agora.xtec.cat\/zerriuavall\/wp-json\/wp\/v2\/tags?post=725"}],"curies":[{"name":"wp","href":"https:\/\/api.w.org\/{rel}","templated":true}]}}