{"id":534,"date":"2016-02-15T14:34:56","date_gmt":"2016-02-15T13:34:56","guid":{"rendered":"http:\/\/agora.xtec.cat\/zerriuavall\/?p=534"},"modified":"2022-08-01T19:26:17","modified_gmt":"2022-08-01T17:26:17","slug":"la-castanyada","status":"publish","type":"post","link":"https:\/\/agora.xtec.cat\/zerriuavall\/general\/la-castanyada\/","title":{"rendered":"LA CASTANYADA"},"content":{"rendered":"<p>\u00ad\u00ad\u00ad\u00ad\u00ad<\/p>\n<p>El divendres 30 d\u2019octubre a l\u2019Escola La Pineda vam celebrar la castanyada\u00ad\u00ad.<\/p>\n<p>Al mat\u00ed vam elaborar els panellets. La massa estava feta de patata, llimona rallada, sucre, ametlla molta i estaven decorats amb cireres i ametlles. Quan vam acabar, vam ficar el panellets al forn i els vam deixar 10 minuts.<\/p>\n<p>A la tarda vam contar les hist\u00f2ries de por que ens hav\u00edem inventat als alumnes de cicle mitj\u00e0 i cicle inicial. Feien m\u00e9s gr\u00e0cia que por. Alguns xiquets estaven espantats i no van voler entrar.<\/p>\n<p>Els m\u00e9s petits de l\u2019escola ens van cantar una can\u00e7\u00f3 sobre la castanyada i anaven vestits de castanyers i castanyeres.<\/p>\n<p>En acabar, ens vam menjar els panellets que hav\u00edem fet al mat\u00ed i vam sortir al pati.<\/p>\n<p>Ens ho vam passar molt b\u00e9.<\/p>\n<p style=\"text-align: right;\">CS ESC La Pineda<\/p>\n","protected":false},"excerpt":{"rendered":"<p>\u00ad\u00ad\u00ad\u00ad\u00ad<br \/>\nEl divendres 30 d\u2019octubre a l\u2019Escola La Pineda vam celebrar la castanyada\u00ad\u00ad.<br \/>\nAl mat\u00ed vam elaborar els panellets. La massa estava feta de patata, llimona rallada, sucre, ametlla molta i estaven decorats amb cireres i ametlles. Quan vam acabar, vam ficar el panellets al forn i&hellip;  <a href=\"https:\/\/agora.xtec.cat\/zerriuavall\/general\/la-castanyada\/\" title=\"Read LA CASTANYADA\">Llegeix m\u00e9s\u00bb<\/a><\/p>\n","protected":false},"author":4,"featured_media":0,"comment_status":"open","ping_status":"open","sticky":false,"template":"","format":"standard","meta":{"_bbp_topic_count":0,"_bbp_reply_count":0,"_bbp_total_topic_count":0,"_bbp_total_reply_count":0,"_bbp_voice_count":0,"_bbp_anonymous_reply_count":0,"_bbp_topic_count_hidden":0,"_bbp_reply_count_hidden":0,"_bbp_forum_subforum_count":0,"footnotes":""},"categories":[149,1],"tags":[30],"class_list":["post-534","post","type-post","status-publish","format-standard","hentry","category-escola-la-pineda","category-general","tag-2015-2016"],"post_mailing_queue_ids":[],"_links":{"self":[{"href":"https:\/\/agora.xtec.cat\/zerriuavall\/wp-json\/wp\/v2\/posts\/534","targetHints":{"allow":["GET"]}}],"collection":[{"href":"https:\/\/agora.xtec.cat\/zerriuavall\/wp-json\/wp\/v2\/posts"}],"about":[{"href":"https:\/\/agora.xtec.cat\/zerriuavall\/wp-json\/wp\/v2\/types\/post"}],"author":[{"embeddable":true,"href":"https:\/\/agora.xtec.cat\/zerriuavall\/wp-json\/wp\/v2\/users\/4"}],"replies":[{"embeddable":true,"href":"https:\/\/agora.xtec.cat\/zerriuavall\/wp-json\/wp\/v2\/comments?post=534"}],"version-history":[{"count":2,"href":"https:\/\/agora.xtec.cat\/zerriuavall\/wp-json\/wp\/v2\/posts\/534\/revisions"}],"predecessor-version":[{"id":559,"href":"https:\/\/agora.xtec.cat\/zerriuavall\/wp-json\/wp\/v2\/posts\/534\/revisions\/559"}],"wp:attachment":[{"href":"https:\/\/agora.xtec.cat\/zerriuavall\/wp-json\/wp\/v2\/media?parent=534"}],"wp:term":[{"taxonomy":"category","embeddable":true,"href":"https:\/\/agora.xtec.cat\/zerriuavall\/wp-json\/wp\/v2\/categories?post=534"},{"taxonomy":"post_tag","embeddable":true,"href":"https:\/\/agora.xtec.cat\/zerriuavall\/wp-json\/wp\/v2\/tags?post=534"}],"curies":[{"name":"wp","href":"https:\/\/api.w.org\/{rel}","templated":true}]}}