{"id":498,"date":"2016-01-27T15:17:09","date_gmt":"2016-01-27T14:17:09","guid":{"rendered":"http:\/\/agora.xtec.cat\/zerriuavall\/?p=498"},"modified":"2022-08-01T19:26:44","modified_gmt":"2022-08-01T17:26:44","slug":"som-la-classe-dels-metges-i-metgesses","status":"publish","type":"post","link":"https:\/\/agora.xtec.cat\/zerriuavall\/escola-la-pineda\/som-la-classe-dels-metges-i-metgesses\/","title":{"rendered":"SOM LA CLASSE DELS METGES I METGESSES"},"content":{"rendered":"\n<p>Els xiquets i xiquetes de P4 i P5 de Tivenys hem triat el nom de la classe.<br \/>\nDespr\u00e9s de fer votacions sobre diferents oficis, ha sortit la classe dels metges i metgesses.<br \/>\nEls xiquets i xiquetes de P4 i P5 estem molt contents per l\u2019ofici que ens ha tocat.<\/p>\n<p>Per grups hem buscat informaci\u00f3 sobre els metges i l&#8217;hem explicat a la resta de la classe, ens hem fet una revisi\u00f3 m\u00e8dica i hem dissenyat una disfressa de metges.<\/p>\n<p>Despr\u00e9s d&#8217;haver investigat molt sobre aquest ofici i d&#8217;haver escoltat a la metgessa i a la infermera ja estem preparats per fer de metges!<\/p>\n<p>&nbsp;<\/p>\n\n","protected":false},"excerpt":{"rendered":"<p>Els xiquets i xiquetes de P4 i P5 de Tivenys hem triat el nom de la classe.<br \/>\nDespr\u00e9s de fer votacions sobre diferents oficis, ha sortit la classe dels metges i metgesses.<br \/>\nEls xiquets i xiquetes de P4 i P5 estem molt contents per l\u2019ofici que ens&hellip;  <a href=\"https:\/\/agora.xtec.cat\/zerriuavall\/escola-la-pineda\/som-la-classe-dels-metges-i-metgesses\/\" title=\"Read SOM LA CLASSE DELS METGES I METGESSES\">Llegeix m\u00e9s\u00bb<\/a><\/p>\n","protected":false},"author":4,"featured_media":0,"comment_status":"open","ping_status":"open","sticky":false,"template":"","format":"standard","meta":{"_bbp_topic_count":0,"_bbp_reply_count":0,"_bbp_total_topic_count":0,"_bbp_total_reply_count":0,"_bbp_voice_count":0,"_bbp_anonymous_reply_count":0,"_bbp_topic_count_hidden":0,"_bbp_reply_count_hidden":0,"_bbp_forum_subforum_count":0,"footnotes":""},"categories":[149],"tags":[30],"class_list":["post-498","post","type-post","status-publish","format-standard","hentry","category-escola-la-pineda","tag-2015-2016"],"post_mailing_queue_ids":[],"_links":{"self":[{"href":"https:\/\/agora.xtec.cat\/zerriuavall\/wp-json\/wp\/v2\/posts\/498","targetHints":{"allow":["GET"]}}],"collection":[{"href":"https:\/\/agora.xtec.cat\/zerriuavall\/wp-json\/wp\/v2\/posts"}],"about":[{"href":"https:\/\/agora.xtec.cat\/zerriuavall\/wp-json\/wp\/v2\/types\/post"}],"author":[{"embeddable":true,"href":"https:\/\/agora.xtec.cat\/zerriuavall\/wp-json\/wp\/v2\/users\/4"}],"replies":[{"embeddable":true,"href":"https:\/\/agora.xtec.cat\/zerriuavall\/wp-json\/wp\/v2\/comments?post=498"}],"version-history":[{"count":3,"href":"https:\/\/agora.xtec.cat\/zerriuavall\/wp-json\/wp\/v2\/posts\/498\/revisions"}],"predecessor-version":[{"id":802,"href":"https:\/\/agora.xtec.cat\/zerriuavall\/wp-json\/wp\/v2\/posts\/498\/revisions\/802"}],"wp:attachment":[{"href":"https:\/\/agora.xtec.cat\/zerriuavall\/wp-json\/wp\/v2\/media?parent=498"}],"wp:term":[{"taxonomy":"category","embeddable":true,"href":"https:\/\/agora.xtec.cat\/zerriuavall\/wp-json\/wp\/v2\/categories?post=498"},{"taxonomy":"post_tag","embeddable":true,"href":"https:\/\/agora.xtec.cat\/zerriuavall\/wp-json\/wp\/v2\/tags?post=498"}],"curies":[{"name":"wp","href":"https:\/\/api.w.org\/{rel}","templated":true}]}}