{"id":475,"date":"2015-12-21T15:53:29","date_gmt":"2015-12-21T14:53:29","guid":{"rendered":"http:\/\/agora.xtec.cat\/zerriuavall\/?p=475"},"modified":"2022-08-01T19:27:16","modified_gmt":"2022-08-01T17:27:16","slug":"vi-concurs-de-microrelats-de-terror","status":"publish","type":"post","link":"https:\/\/agora.xtec.cat\/zerriuavall\/general\/vi-concurs-de-microrelats-de-terror\/","title":{"rendered":"CONCURS DE MICRORELATS DE TERROR"},"content":{"rendered":"<p>L&#8217;alumnat de Cicle Superior de la ZER ha participat en el <a href=\"http:\/\/calaixo-de-sastre.blogspot.com.es\/2015\/12\/premis-del-vi-concurs-de-microrelats-de.html\" target=\"_blank\" rel=\"noopener\">VI Concurs de microlerats de terror<\/a> que organitza l&#8217;Institut Crist\u00f2fol Despuig de Tortosa.<\/p>\n<p>L&#8217;alumna de sis\u00e8 de l&#8217;Escola B\u00edtem, Alisson, ha estat una de les premiades en la categoria prim\u00e0ria, relats en llengua castellana.<\/p>\n<table style=\"height: 522px; border-color: #e62525;\" width=\"974\">\n<tbody>\n<tr>\n<td>El relat premiat:<\/p>\n<p style=\"text-align: center;\">&#8220;<a href=\"http:\/\/calaixo-de-sastre.blogspot.com\/2015\/12\/los-muertos-vivientes.html\">Los muertos vivientes<\/a>&#8220;.<\/p>\n<p><a href=\"http:\/\/calaixo-de-sastre.blogspot.com.es\/2015\/12\/los-muertos-vivientes.html\" target=\"_blank\" rel=\"noopener\"><img loading=\"lazy\" decoding=\"async\" class=\"aligncenter\" src=\"http:\/\/www.terrorifico.org\/wp-content\/uploads\/2012\/03\/cementerio.jpg\" alt=\"\" width=\"366\" height=\"430\" \/><\/a><\/td>\n<td>Els relats premiats de totes les categories:&nbsp;<\/p>\n<p>&nbsp;<\/p>\n<div class=\"issuuembed\" style=\"width: 525px; height: 385px;\" data-configid=\"0\/32837523\"><\/div>\n<p><script src=\"\/\/e.issuu.com\/embed.js\" async=\"true\" type=\"text\/javascript\"><\/script><\/td>\n<\/tr>\n<\/tbody>\n<\/table>\n","protected":false},"excerpt":{"rendered":"<p>L&#8217;alumnat de Cicle Superior de la ZER ha participat en el <a href=\"http:\/\/calaixo-de-sastre.blogspot.com.es\/2015\/12\/premis-del-vi-concurs-de-microrelats-de.html\" target=\"_blank\" rel=\"noopener\">VI Concurs de microlerats de terror<\/a> que organitza l&#8217;Institut Crist\u00f2fol Despuig de Tortosa.<br \/>\nL&#8217;alumna de sis\u00e8 de l&#8217;Escola B\u00edtem, Alisson, ha estat una de les premiades en la categoria prim\u00e0ria, relats en&hellip;  <a href=\"https:\/\/agora.xtec.cat\/zerriuavall\/general\/vi-concurs-de-microrelats-de-terror\/\" title=\"Read CONCURS DE MICRORELATS DE TERROR\">Llegeix m\u00e9s\u00bb<\/a><\/p>\n","protected":false},"author":1,"featured_media":473,"comment_status":"open","ping_status":"open","sticky":false,"template":"","format":"standard","meta":{"_bbp_topic_count":0,"_bbp_reply_count":0,"_bbp_total_topic_count":0,"_bbp_total_reply_count":0,"_bbp_voice_count":0,"_bbp_anonymous_reply_count":0,"_bbp_topic_count_hidden":0,"_bbp_reply_count_hidden":0,"_bbp_forum_subforum_count":0,"footnotes":""},"categories":[150,157,1],"tags":[213,193],"class_list":["post-475","post","type-post","status-publish","format-standard","has-post-thumbnail","hentry","category-btm","category-btm56","category-general","tag-escola-bitem-2015-2016","tag-escola-bitem-escriptura-creativa"],"post_mailing_queue_ids":[],"_links":{"self":[{"href":"https:\/\/agora.xtec.cat\/zerriuavall\/wp-json\/wp\/v2\/posts\/475","targetHints":{"allow":["GET"]}}],"collection":[{"href":"https:\/\/agora.xtec.cat\/zerriuavall\/wp-json\/wp\/v2\/posts"}],"about":[{"href":"https:\/\/agora.xtec.cat\/zerriuavall\/wp-json\/wp\/v2\/types\/post"}],"author":[{"embeddable":true,"href":"https:\/\/agora.xtec.cat\/zerriuavall\/wp-json\/wp\/v2\/users\/1"}],"replies":[{"embeddable":true,"href":"https:\/\/agora.xtec.cat\/zerriuavall\/wp-json\/wp\/v2\/comments?post=475"}],"version-history":[{"count":4,"href":"https:\/\/agora.xtec.cat\/zerriuavall\/wp-json\/wp\/v2\/posts\/475\/revisions"}],"predecessor-version":[{"id":3123,"href":"https:\/\/agora.xtec.cat\/zerriuavall\/wp-json\/wp\/v2\/posts\/475\/revisions\/3123"}],"wp:featuredmedia":[{"embeddable":true,"href":"https:\/\/agora.xtec.cat\/zerriuavall\/wp-json\/wp\/v2\/media\/473"}],"wp:attachment":[{"href":"https:\/\/agora.xtec.cat\/zerriuavall\/wp-json\/wp\/v2\/media?parent=475"}],"wp:term":[{"taxonomy":"category","embeddable":true,"href":"https:\/\/agora.xtec.cat\/zerriuavall\/wp-json\/wp\/v2\/categories?post=475"},{"taxonomy":"post_tag","embeddable":true,"href":"https:\/\/agora.xtec.cat\/zerriuavall\/wp-json\/wp\/v2\/tags?post=475"}],"curies":[{"name":"wp","href":"https:\/\/api.w.org\/{rel}","templated":true}]}}