{"id":386,"date":"2015-12-11T10:01:47","date_gmt":"2015-12-11T09:01:47","guid":{"rendered":"http:\/\/agora.xtec.cat\/zerriuavall\/?p=386"},"modified":"2022-08-01T19:27:57","modified_gmt":"2022-08-01T17:27:57","slug":"mou-te-per-la-marato","status":"publish","type":"post","link":"https:\/\/agora.xtec.cat\/zerriuavall\/btm\/mou-te-per-la-marato\/","title":{"rendered":"MOU-TE PER LA MARAT\u00d3"},"content":{"rendered":"<p>El dia 4 de desembre a B\u00edtem i el dia 9 a Tivenys, a la ZER Riu Avall vam organitzar una cursa patrocinada per aportar el nostre granet de sorra a la Marat\u00f3 de TV3.<\/p>\n<p>Tots els xiquets i xiquetes vam buscar patrocinadors i vam c\u00f3rrer per un circuit marcat pels carrers del poble a B\u00edtem i pel parc municipal a Tivenys. En acabar cada volta, pass\u00e0vem per un control on ens posaven un segell al dorsal.<\/p>\n<p>Despr\u00e9s, els patrocinadors ens donarien els diners acordats per cada volta, segons les que hav\u00edem fet.<\/p>\n<p>Tots els diners recollits els aportarem a <strong><em>La Marat\u00f3<\/em><\/strong>, que enguany est\u00e0 dedicada a la lluita contra la diabetis i l&#8217;obesitat.<\/p>\n<p>A l&#8217;Escola La Pineda de Tivenys es van recollir 720\u20ac.<\/p>\n<p>A l&#8217;Escola B\u00edtem es van recollir 1.693\u20ac.<\/p>\n<h5 style=\"text-align: center;\"><span style=\"color: #ff0000;\"><strong>MOLTES GR\u00c0CIES A TOTHOM PER LA COL\u00b7LABORACI\u00d3<\/strong><\/span><\/h5>\n<p style=\"text-align: right;\"><span style=\"color: #000000;\">CS B\u00edtem<\/span><\/p>\n\n<p>&nbsp;<\/p>\n\n","protected":false},"excerpt":{"rendered":"<p>El dia 4 de desembre a B\u00edtem i el dia 9 a Tivenys, a la ZER Riu Avall vam organitzar una cursa patrocinada per aportar el nostre granet de sorra a la Marat\u00f3 de TV3.<br \/>\nTots els xiquets i xiquetes vam buscar patrocinadors i vam c\u00f3rrer&hellip;  <a href=\"https:\/\/agora.xtec.cat\/zerriuavall\/btm\/mou-te-per-la-marato\/\" title=\"Read MOU-TE PER LA MARAT\u00d3\">Llegeix m\u00e9s\u00bb<\/a><\/p>\n","protected":false},"author":1,"featured_media":378,"comment_status":"open","ping_status":"open","sticky":false,"template":"","format":"standard","meta":{"_bbp_topic_count":0,"_bbp_reply_count":0,"_bbp_total_topic_count":0,"_bbp_total_reply_count":0,"_bbp_voice_count":0,"_bbp_anonymous_reply_count":0,"_bbp_topic_count_hidden":0,"_bbp_reply_count_hidden":0,"_bbp_forum_subforum_count":0,"footnotes":""},"categories":[150,159,158,157,160],"tags":[213,194],"class_list":["post-386","post","type-post","status-publish","format-standard","has-post-thumbnail","hentry","category-btm","category-btm12","category-btm34","category-btm56","category-btmp345","tag-escola-bitem-2015-2016","tag-escola-bitem-la-marato"],"post_mailing_queue_ids":[],"_links":{"self":[{"href":"https:\/\/agora.xtec.cat\/zerriuavall\/wp-json\/wp\/v2\/posts\/386","targetHints":{"allow":["GET"]}}],"collection":[{"href":"https:\/\/agora.xtec.cat\/zerriuavall\/wp-json\/wp\/v2\/posts"}],"about":[{"href":"https:\/\/agora.xtec.cat\/zerriuavall\/wp-json\/wp\/v2\/types\/post"}],"author":[{"embeddable":true,"href":"https:\/\/agora.xtec.cat\/zerriuavall\/wp-json\/wp\/v2\/users\/1"}],"replies":[{"embeddable":true,"href":"https:\/\/agora.xtec.cat\/zerriuavall\/wp-json\/wp\/v2\/comments?post=386"}],"version-history":[{"count":5,"href":"https:\/\/agora.xtec.cat\/zerriuavall\/wp-json\/wp\/v2\/posts\/386\/revisions"}],"predecessor-version":[{"id":461,"href":"https:\/\/agora.xtec.cat\/zerriuavall\/wp-json\/wp\/v2\/posts\/386\/revisions\/461"}],"wp:featuredmedia":[{"embeddable":true,"href":"https:\/\/agora.xtec.cat\/zerriuavall\/wp-json\/wp\/v2\/media\/378"}],"wp:attachment":[{"href":"https:\/\/agora.xtec.cat\/zerriuavall\/wp-json\/wp\/v2\/media?parent=386"}],"wp:term":[{"taxonomy":"category","embeddable":true,"href":"https:\/\/agora.xtec.cat\/zerriuavall\/wp-json\/wp\/v2\/categories?post=386"},{"taxonomy":"post_tag","embeddable":true,"href":"https:\/\/agora.xtec.cat\/zerriuavall\/wp-json\/wp\/v2\/tags?post=386"}],"curies":[{"name":"wp","href":"https:\/\/api.w.org\/{rel}","templated":true}]}}