{"id":2116,"date":"2020-06-25T10:31:52","date_gmt":"2020-06-25T08:31:52","guid":{"rendered":"https:\/\/agora.xtec.cat\/zerriuavall\/?p=2116"},"modified":"2022-08-01T18:16:24","modified_gmt":"2022-08-01T16:16:24","slug":"comiat-de-6e","status":"publish","type":"post","link":"https:\/\/agora.xtec.cat\/zerriuavall\/escola-la-pineda\/comiat-de-6e\/","title":{"rendered":"Comiat de 6\u00e8"},"content":{"rendered":"<p>El passat 18 de juny vam realitzar el comiat de l&#8217;alumnat de sis\u00e8. Aquest final de curs ha sigut diferent per\u00f2 no per aix\u00f2 aix\u00f2 menys emotiu.\u00a0 Aqu\u00ed us deixem algunes fotografies de la trobada i el v\u00eddeo de comiat.<\/p>\n<p><a href=\"https:\/\/photos.app.goo.gl\/ft44QwPkgGZdeRj2A\" target=\"_blank\" rel=\"noopener noreferrer\">Fotos comiat<\/a><\/p>\n<p><a href=\"https:\/\/photos.app.goo.gl\/Act9nC4Sc9j1cA5U8\" target=\"_blank\" rel=\"noopener noreferrer\">V\u00eddeo<\/a><\/p>\n","protected":false},"excerpt":{"rendered":"<p>El passat 18 de juny vam realitzar el comiat de l&#8217;alumnat de sis\u00e8. Aquest final de curs ha sigut diferent per\u00f2 no per aix\u00f2 aix\u00f2 menys emotiu.\u00a0 Aqu\u00ed us deixem algunes fotografies de la trobada i el v\u00eddeo de comiat.<br \/>\n<a href=\"https:\/\/photos.app.goo.gl\/ft44QwPkgGZdeRj2A\" target=\"_blank\" rel=\"noopener noreferrer\">Fotos comiat<\/a><br \/>\n<a&hellip;  <a href=\"https:\/\/agora.xtec.cat\/zerriuavall\/escola-la-pineda\/comiat-de-6e\/\" title=\"Read Comiat de 6\u00e8\">Llegeix m\u00e9s\u00bb<\/a><\/p>\n","protected":false},"author":4,"featured_media":0,"comment_status":"open","ping_status":"closed","sticky":false,"template":"","format":"standard","meta":{"_bbp_topic_count":0,"_bbp_reply_count":0,"_bbp_total_topic_count":0,"_bbp_total_reply_count":0,"_bbp_voice_count":0,"_bbp_anonymous_reply_count":0,"_bbp_topic_count_hidden":0,"_bbp_reply_count_hidden":0,"_bbp_forum_subforum_count":0,"footnotes":""},"categories":[149,156],"tags":[162],"class_list":["post-2116","post","type-post","status-publish","format-standard","hentry","category-escola-la-pineda","category-t56","tag-escola-la-pineda"],"post_mailing_queue_ids":[],"_links":{"self":[{"href":"https:\/\/agora.xtec.cat\/zerriuavall\/wp-json\/wp\/v2\/posts\/2116","targetHints":{"allow":["GET"]}}],"collection":[{"href":"https:\/\/agora.xtec.cat\/zerriuavall\/wp-json\/wp\/v2\/posts"}],"about":[{"href":"https:\/\/agora.xtec.cat\/zerriuavall\/wp-json\/wp\/v2\/types\/post"}],"author":[{"embeddable":true,"href":"https:\/\/agora.xtec.cat\/zerriuavall\/wp-json\/wp\/v2\/users\/4"}],"replies":[{"embeddable":true,"href":"https:\/\/agora.xtec.cat\/zerriuavall\/wp-json\/wp\/v2\/comments?post=2116"}],"version-history":[{"count":1,"href":"https:\/\/agora.xtec.cat\/zerriuavall\/wp-json\/wp\/v2\/posts\/2116\/revisions"}],"predecessor-version":[{"id":2117,"href":"https:\/\/agora.xtec.cat\/zerriuavall\/wp-json\/wp\/v2\/posts\/2116\/revisions\/2117"}],"wp:attachment":[{"href":"https:\/\/agora.xtec.cat\/zerriuavall\/wp-json\/wp\/v2\/media?parent=2116"}],"wp:term":[{"taxonomy":"category","embeddable":true,"href":"https:\/\/agora.xtec.cat\/zerriuavall\/wp-json\/wp\/v2\/categories?post=2116"},{"taxonomy":"post_tag","embeddable":true,"href":"https:\/\/agora.xtec.cat\/zerriuavall\/wp-json\/wp\/v2\/tags?post=2116"}],"curies":[{"name":"wp","href":"https:\/\/api.w.org\/{rel}","templated":true}]}}