{"id":2097,"date":"2019-11-17T10:39:46","date_gmt":"2019-11-17T09:39:46","guid":{"rendered":"https:\/\/agora.xtec.cat\/zerriuavall\/?p=2097"},"modified":"2020-07-22T10:56:08","modified_gmt":"2020-07-22T08:56:08","slug":"sortida-de-la-tardor-ei","status":"publish","type":"post","link":"https:\/\/agora.xtec.cat\/zerriuavall\/escola-la-pineda\/sortida-de-la-tardor-ei\/","title":{"rendered":"Sortida de la Tardor EI"},"content":{"rendered":"<p><span style=\"line-height: 115%; font-family: 'Arial','sans-serif'; font-size: 12pt;\"><span style=\"color: #000000;\">Els alumnes de Infantil hem fet una sortida al Parc Municipal per tal d\u2019observar el paisatge a la tardor i recollir fulles per al nostre mural de tardor. Hem aprofitat tamb\u00e9 per jugar una estona al parc. Qu\u00e8 b\u00e9 que ens ho em passat!!<\/span><\/span><\/p>\n<p>Aqu\u00ed podreu veure les fotos:<\/p>\n<p><a href=\"https:\/\/photos.app.goo.gl\/cbSaM6G4ioKTJidh7\" target=\"_blank\" rel=\"noopener noreferrer\">Sortida de la Tardor<\/a><\/p>\n","protected":false},"excerpt":{"rendered":"<p>Els alumnes de Infantil hem fet una sortida al Parc Municipal per tal d\u2019observar el paisatge a la tardor i recollir fulles per al nostre mural de tardor. Hem aprofitat tamb\u00e9 per jugar una estona al parc. Qu\u00e8 b\u00e9 que ens ho em passat!!<br \/>\nAqu\u00ed podreu&hellip;  <a href=\"https:\/\/agora.xtec.cat\/zerriuavall\/escola-la-pineda\/sortida-de-la-tardor-ei\/\" title=\"Read Sortida de la Tardor EI\">Llegeix m\u00e9s\u00bb<\/a><\/p>\n","protected":false},"author":4,"featured_media":0,"comment_status":"open","ping_status":"closed","sticky":false,"template":"","format":"standard","meta":{"_bbp_topic_count":0,"_bbp_reply_count":0,"_bbp_total_topic_count":0,"_bbp_total_reply_count":0,"_bbp_voice_count":0,"_bbp_anonymous_reply_count":0,"_bbp_topic_count_hidden":0,"_bbp_reply_count_hidden":0,"_bbp_forum_subforum_count":0,"footnotes":""},"categories":[149],"tags":[162],"class_list":["post-2097","post","type-post","status-publish","format-standard","hentry","category-escola-la-pineda","tag-escola-la-pineda"],"post_mailing_queue_ids":[],"_links":{"self":[{"href":"https:\/\/agora.xtec.cat\/zerriuavall\/wp-json\/wp\/v2\/posts\/2097","targetHints":{"allow":["GET"]}}],"collection":[{"href":"https:\/\/agora.xtec.cat\/zerriuavall\/wp-json\/wp\/v2\/posts"}],"about":[{"href":"https:\/\/agora.xtec.cat\/zerriuavall\/wp-json\/wp\/v2\/types\/post"}],"author":[{"embeddable":true,"href":"https:\/\/agora.xtec.cat\/zerriuavall\/wp-json\/wp\/v2\/users\/4"}],"replies":[{"embeddable":true,"href":"https:\/\/agora.xtec.cat\/zerriuavall\/wp-json\/wp\/v2\/comments?post=2097"}],"version-history":[{"count":1,"href":"https:\/\/agora.xtec.cat\/zerriuavall\/wp-json\/wp\/v2\/posts\/2097\/revisions"}],"predecessor-version":[{"id":2098,"href":"https:\/\/agora.xtec.cat\/zerriuavall\/wp-json\/wp\/v2\/posts\/2097\/revisions\/2098"}],"wp:attachment":[{"href":"https:\/\/agora.xtec.cat\/zerriuavall\/wp-json\/wp\/v2\/media?parent=2097"}],"wp:term":[{"taxonomy":"category","embeddable":true,"href":"https:\/\/agora.xtec.cat\/zerriuavall\/wp-json\/wp\/v2\/categories?post=2097"},{"taxonomy":"post_tag","embeddable":true,"href":"https:\/\/agora.xtec.cat\/zerriuavall\/wp-json\/wp\/v2\/tags?post=2097"}],"curies":[{"name":"wp","href":"https:\/\/api.w.org\/{rel}","templated":true}]}}