{"id":2089,"date":"2020-03-17T10:11:14","date_gmt":"2020-03-17T09:11:14","guid":{"rendered":"https:\/\/agora.xtec.cat\/zerriuavall\/?p=2089"},"modified":"2020-07-22T10:52:10","modified_gmt":"2020-07-22T08:52:10","slug":"joan-miro","status":"publish","type":"post","link":"https:\/\/agora.xtec.cat\/zerriuavall\/escola-la-pineda\/joan-miro\/","title":{"rendered":"Joan Mir\u00f3"},"content":{"rendered":"<p>Un dels artistes escollits per treballar la pl\u00e0stica aquest curs ha estat <strong>Joan Mir\u00f3<\/strong>. L\u2019hem triat per una banda per la simplicitat i senzillesa en les formes i tamb\u00e9 per l\u2019\u00fas que en fa dels colors donant un toc d\u2019originalitat. Aquests aspectes estan molt relacionats amb les formes de representaci\u00f3 dels infants. Predominen en els quadres de Joan Mir\u00f3 colors brillants, especialment els blaus, rojos, grocs, verds, blanc i negre. Per tant hem treballat i estudiat a fons els colors primaris.<\/p>\n<p>Per una altra banda hem triat aquest artista perqu\u00e8 en la realitzaci\u00f3 dels seus quadres es basava en la imaginaci\u00f3 i els somnis, resultant un dels m\u00e9s grans representants dels surrealisme. A l\u2019hora de pintar, dibuixar i crear \u00e9s un artista que fa volar la imaginaci\u00f3. T\u00e9 una ment oberta i precisament aix\u00ed \u00e9s com funciona la d\u2019un infant.<\/p>\n<p>L\u2019alumnat ha gaudit imitant al pintor amb les obres que ells mateixos han realitzat. Hem valorat que si hi ha un artista la t\u00e8cnica del qual i l\u2019univers imaginari es relacioni amb el m\u00f3n dels infants, aquest \u00e9s Joan Mir\u00f3.<\/p>\n<p>Imitant <strong>Joan Mir\u00f3 <\/strong>els nens i nenes han descobert la imaginaci\u00f3, els colors, els tra\u00e7os i tamb\u00e9 les formes amb la representaci\u00f3 en 3 dimensions, al mateix temps han representat sentiments i experi\u00e8ncies, ja que la pintura i l\u2019escultura inciten a la comunicaci\u00f3, la creativitat, la sensibilitat i augmenta la capacitat de concentraci\u00f3 i expressi\u00f3 dels infants.<\/p>\n<p><a href=\"https:\/\/photos.app.goo.gl\/hyfHjvKKLg3bvfdY7\" target=\"_blank\" rel=\"noopener noreferrer\">Fotos Joan Mir\u00f3 EI<\/a><\/p>\n<p><a href=\"https:\/\/photos.app.goo.gl\/ddJhn5tx8rRqXgeA7\" target=\"_blank\" rel=\"noopener noreferrer\">Fotos Joan Mir\u00f3 CI<\/a><\/p>\n<p><a href=\"https:\/\/photos.app.goo.gl\/iNLhn7iG61Vj5zAK9\" target=\"_blank\" rel=\"noopener noreferrer\">Fotos Joan Mir\u00f3 CM<\/a><\/p>\n<p><a href=\"https:\/\/photos.app.goo.gl\/sUMCMJ2yrJdzzWHj8\" target=\"_blank\" rel=\"noopener noreferrer\">Fotos Joan Mir\u00f3 CS<\/a><\/p>\n","protected":false},"excerpt":{"rendered":"<p>Un dels artistes escollits per treballar la pl\u00e0stica aquest curs ha estat Joan Mir\u00f3. L\u2019hem triat per una banda per la simplicitat i senzillesa en les formes i tamb\u00e9 per l\u2019\u00fas que en fa dels colors donant un toc d\u2019originalitat. Aquests aspectes estan molt relacionats&hellip;  <a href=\"https:\/\/agora.xtec.cat\/zerriuavall\/escola-la-pineda\/joan-miro\/\" title=\"Read Joan Mir\u00f3\">Llegeix m\u00e9s\u00bb<\/a><\/p>\n","protected":false},"author":4,"featured_media":0,"comment_status":"open","ping_status":"closed","sticky":false,"template":"","format":"standard","meta":{"_bbp_topic_count":0,"_bbp_reply_count":0,"_bbp_total_topic_count":0,"_bbp_total_reply_count":0,"_bbp_voice_count":0,"_bbp_anonymous_reply_count":0,"_bbp_topic_count_hidden":0,"_bbp_reply_count_hidden":0,"_bbp_forum_subforum_count":0,"footnotes":""},"categories":[149],"tags":[162],"class_list":["post-2089","post","type-post","status-publish","format-standard","hentry","category-escola-la-pineda","tag-escola-la-pineda"],"post_mailing_queue_ids":[],"_links":{"self":[{"href":"https:\/\/agora.xtec.cat\/zerriuavall\/wp-json\/wp\/v2\/posts\/2089","targetHints":{"allow":["GET"]}}],"collection":[{"href":"https:\/\/agora.xtec.cat\/zerriuavall\/wp-json\/wp\/v2\/posts"}],"about":[{"href":"https:\/\/agora.xtec.cat\/zerriuavall\/wp-json\/wp\/v2\/types\/post"}],"author":[{"embeddable":true,"href":"https:\/\/agora.xtec.cat\/zerriuavall\/wp-json\/wp\/v2\/users\/4"}],"replies":[{"embeddable":true,"href":"https:\/\/agora.xtec.cat\/zerriuavall\/wp-json\/wp\/v2\/comments?post=2089"}],"version-history":[{"count":1,"href":"https:\/\/agora.xtec.cat\/zerriuavall\/wp-json\/wp\/v2\/posts\/2089\/revisions"}],"predecessor-version":[{"id":2090,"href":"https:\/\/agora.xtec.cat\/zerriuavall\/wp-json\/wp\/v2\/posts\/2089\/revisions\/2090"}],"wp:attachment":[{"href":"https:\/\/agora.xtec.cat\/zerriuavall\/wp-json\/wp\/v2\/media?parent=2089"}],"wp:term":[{"taxonomy":"category","embeddable":true,"href":"https:\/\/agora.xtec.cat\/zerriuavall\/wp-json\/wp\/v2\/categories?post=2089"},{"taxonomy":"post_tag","embeddable":true,"href":"https:\/\/agora.xtec.cat\/zerriuavall\/wp-json\/wp\/v2\/tags?post=2089"}],"curies":[{"name":"wp","href":"https:\/\/api.w.org\/{rel}","templated":true}]}}