{"id":2082,"date":"2020-02-08T10:50:22","date_gmt":"2020-02-08T09:50:22","guid":{"rendered":"https:\/\/agora.xtec.cat\/zerriuavall\/?p=2082"},"modified":"2020-07-22T10:54:10","modified_gmt":"2020-07-22T08:54:10","slug":"dia-de-la-pau-2","status":"publish","type":"post","link":"https:\/\/agora.xtec.cat\/zerriuavall\/escola-la-pineda\/dia-de-la-pau-2\/","title":{"rendered":"Dia de la PAU"},"content":{"rendered":"<p>El dijous 30 de gener vam celebrar el dia de la Pau a l\u2019escola realitzant activitats molt divertides:<\/p>\n<ul>\n<li>A la classe vam escriure frases boniques en cintes de colors que vam penjar a la barana del pati.<\/li>\n<li>Vam fer una manualitat d\u2019una grua de paper i un gos que deia un missatge bonic per decorar el rebedor de l\u2019escola.<\/li>\n<li>Finalitzarem la celebraci\u00f3 cantant una can\u00e7\u00f3 que es titula \u201cFem la pau\u201d.<\/li>\n<\/ul>\n<p>Clicant <a href=\"https:\/\/photos.app.goo.gl\/Bck8cjCgG6Sc3VeP8\" target=\"_blank\" rel=\"noopener noreferrer\">aqu\u00ed<\/a> podreu veure algunes fotos.<\/p>\n<p><em>Alumnat de Cicle Inicial<\/em><\/p>\n","protected":false},"excerpt":{"rendered":"<p>El dijous 30 de gener vam celebrar el dia de la Pau a l\u2019escola realitzant activitats molt divertides:<\/p>\n<ul>\n<li>A la classe vam escriure frases boniques en cintes de colors que vam penjar a la barana del pati.<\/li>\n<li>Vam fer una manualitat d\u2019una grua de paper i un&hellip;  <a href=\"https:\/\/agora.xtec.cat\/zerriuavall\/escola-la-pineda\/dia-de-la-pau-2\/\" title=\"Read Dia de la PAU\">Llegeix m\u00e9s\u00bb<\/a><br \/>\n","protected":false},"author":4,"featured_media":0,"comment_status":"open","ping_status":"closed","sticky":false,"template":"","format":"standard","meta":{"_bbp_topic_count":0,"_bbp_reply_count":0,"_bbp_total_topic_count":0,"_bbp_total_reply_count":0,"_bbp_voice_count":0,"_bbp_anonymous_reply_count":0,"_bbp_topic_count_hidden":0,"_bbp_reply_count_hidden":0,"_bbp_forum_subforum_count":0,"footnotes":""},"categories":[149],"tags":[162],"class_list":["post-2082","post","type-post","status-publish","format-standard","hentry","category-escola-la-pineda","tag-escola-la-pineda"],"post_mailing_queue_ids":[],"_links":{"self":[{"href":"https:\/\/agora.xtec.cat\/zerriuavall\/wp-json\/wp\/v2\/posts\/2082","targetHints":{"allow":["GET"]}}],"collection":[{"href":"https:\/\/agora.xtec.cat\/zerriuavall\/wp-json\/wp\/v2\/posts"}],"about":[{"href":"https:\/\/agora.xtec.cat\/zerriuavall\/wp-json\/wp\/v2\/types\/post"}],"author":[{"embeddable":true,"href":"https:\/\/agora.xtec.cat\/zerriuavall\/wp-json\/wp\/v2\/users\/4"}],"replies":[{"embeddable":true,"href":"https:\/\/agora.xtec.cat\/zerriuavall\/wp-json\/wp\/v2\/comments?post=2082"}],"version-history":[{"count":1,"href":"https:\/\/agora.xtec.cat\/zerriuavall\/wp-json\/wp\/v2\/posts\/2082\/revisions"}],"predecessor-version":[{"id":2083,"href":"https:\/\/agora.xtec.cat\/zerriuavall\/wp-json\/wp\/v2\/posts\/2082\/revisions\/2083"}],"wp:attachment":[{"href":"https:\/\/agora.xtec.cat\/zerriuavall\/wp-json\/wp\/v2\/media?parent=2082"}],"wp:term":[{"taxonomy":"category","embeddable":true,"href":"https:\/\/agora.xtec.cat\/zerriuavall\/wp-json\/wp\/v2\/categories?post=2082"},{"taxonomy":"post_tag","embeddable":true,"href":"https:\/\/agora.xtec.cat\/zerriuavall\/wp-json\/wp\/v2\/tags?post=2082"}],"curies":[{"name":"wp","href":"https:\/\/api.w.org\/{rel}","templated":true}]}}