{"id":2080,"date":"2020-01-15T12:11:41","date_gmt":"2020-01-15T11:11:41","guid":{"rendered":"https:\/\/agora.xtec.cat\/zerriuavall\/?p=2080"},"modified":"2020-07-22T10:54:50","modified_gmt":"2020-07-22T08:54:50","slug":"nadal","status":"publish","type":"post","link":"https:\/\/agora.xtec.cat\/zerriuavall\/escola-la-pineda\/nadal\/","title":{"rendered":"Nadal"},"content":{"rendered":"<p>El ninot de neu<\/p>\n<p>Aquest any al pont de desembre en la nostra fam\u00edlia hem fet un ninot de neu en material reciclat.<\/p>\n<p>Vam utilitzar capses i tubs de cartr\u00f3, taps d&#8217;ampolles, mitjons, botons, roba, objectes de pl\u00e0stic&#8230;<\/p>\n<p>Vam explicar als companys com ho hav\u00edem fet i ho exposarem al rebedor de l&#8217;escola.<\/p>\n<p><em>Alumnat de Cicle Inicial<\/em><\/p>\n<p>&nbsp;<\/p>\n<p>Festival de Nadal<\/p>\n<p>El divendres 20 de desembre de 2019 els alumnes de l\u2019escola La Pineda vam celebrar el festival de Nadal.<\/p>\n<p>Va ser\u00a0 al casal i van venir els familiars. Els alumnes de 6\u00e8 van presentar el festival.<\/p>\n<p>Els primers d\u2019actuar van ser els xiquets i xiquetes d\u2019infantil, van cantar i ballar. Els segons van ser els de cicle inicial que tamb\u00e9 van cantar i ballar.<\/p>\n<p>Despr\u00e9s, els de cicle mitj\u00e0 van tocar el xil\u00f2fon i els de cicle superior van tocar la flauta.<\/p>\n<p>Finalment, els xiquets de 4t,5\u00e9 i 6\u00e9 van fer acrosport.<\/p>\n<p><em>Alumnat de Cicle Superior<\/em><\/p>\n<p>&nbsp;<\/p>\n<p>Regal de Reis<\/p>\n<p>Quan vam tornar de les vacances de Nadal, a l&#8217;escola vam tenir una gran sorpresa.<\/p>\n<p>Al rebedor de l&#8217;escola hi havia molts regals!<\/p>\n<p>Els Reis Mags ens van regalar 5 pissarres, jocs de fusta, pilotes, un teler i jocs sensorials.<\/p>\n<p>Ens van agradar molt\u00edssim!<\/p>\n<p><em>Alumnat de Cicle Inicial<\/em><\/p>\n<p>Aqu\u00ed podreu veure les diferents fotos de:<\/p>\n<p><a href=\"https:\/\/photos.app.goo.gl\/GD3bBH39vvXvZdr26\" target=\"_blank\" rel=\"noopener noreferrer\">Manualitats de Nadal<\/a><\/p>\n<p><a href=\"https:\/\/photos.app.goo.gl\/skk6nTxdtM5oFkyc6\" target=\"_blank\" rel=\"noopener noreferrer\">Ti\u00f3 de Nadal<\/a><\/p>\n<p><a href=\"https:\/\/photos.app.goo.gl\/JMrzBkVpewN5qfA66\" target=\"_blank\" rel=\"noopener noreferrer\">Festival de Nadal<\/a><\/p>\n<p><a href=\"https:\/\/photos.app.goo.gl\/srE6cjkZEzfX7VpZA\" target=\"_blank\" rel=\"noopener noreferrer\">Regal de Reis<\/a><\/p>\n","protected":false},"excerpt":{"rendered":"<p>El ninot de neu<br \/>\nAquest any al pont de desembre en la nostra fam\u00edlia hem fet un ninot de neu en material reciclat.<br \/>\nVam utilitzar capses i tubs de cartr\u00f3, taps d&#8217;ampolles, mitjons, botons, roba, objectes de pl\u00e0stic&#8230;<br \/>\nVam explicar als companys com ho hav\u00edem fet i ho&hellip;  <a href=\"https:\/\/agora.xtec.cat\/zerriuavall\/escola-la-pineda\/nadal\/\" title=\"Read Nadal\">Llegeix m\u00e9s\u00bb<\/a><\/p>\n","protected":false},"author":4,"featured_media":0,"comment_status":"open","ping_status":"closed","sticky":false,"template":"","format":"standard","meta":{"_bbp_topic_count":0,"_bbp_reply_count":0,"_bbp_total_topic_count":0,"_bbp_total_reply_count":0,"_bbp_voice_count":0,"_bbp_anonymous_reply_count":0,"_bbp_topic_count_hidden":0,"_bbp_reply_count_hidden":0,"_bbp_forum_subforum_count":0,"footnotes":""},"categories":[149],"tags":[162],"class_list":["post-2080","post","type-post","status-publish","format-standard","hentry","category-escola-la-pineda","tag-escola-la-pineda"],"post_mailing_queue_ids":[],"_links":{"self":[{"href":"https:\/\/agora.xtec.cat\/zerriuavall\/wp-json\/wp\/v2\/posts\/2080","targetHints":{"allow":["GET"]}}],"collection":[{"href":"https:\/\/agora.xtec.cat\/zerriuavall\/wp-json\/wp\/v2\/posts"}],"about":[{"href":"https:\/\/agora.xtec.cat\/zerriuavall\/wp-json\/wp\/v2\/types\/post"}],"author":[{"embeddable":true,"href":"https:\/\/agora.xtec.cat\/zerriuavall\/wp-json\/wp\/v2\/users\/4"}],"replies":[{"embeddable":true,"href":"https:\/\/agora.xtec.cat\/zerriuavall\/wp-json\/wp\/v2\/comments?post=2080"}],"version-history":[{"count":2,"href":"https:\/\/agora.xtec.cat\/zerriuavall\/wp-json\/wp\/v2\/posts\/2080\/revisions"}],"predecessor-version":[{"id":2084,"href":"https:\/\/agora.xtec.cat\/zerriuavall\/wp-json\/wp\/v2\/posts\/2080\/revisions\/2084"}],"wp:attachment":[{"href":"https:\/\/agora.xtec.cat\/zerriuavall\/wp-json\/wp\/v2\/media?parent=2080"}],"wp:term":[{"taxonomy":"category","embeddable":true,"href":"https:\/\/agora.xtec.cat\/zerriuavall\/wp-json\/wp\/v2\/categories?post=2080"},{"taxonomy":"post_tag","embeddable":true,"href":"https:\/\/agora.xtec.cat\/zerriuavall\/wp-json\/wp\/v2\/tags?post=2080"}],"curies":[{"name":"wp","href":"https:\/\/api.w.org\/{rel}","templated":true}]}}