{"id":1751,"date":"2019-07-04T12:58:38","date_gmt":"2019-07-04T10:58:38","guid":{"rendered":"http:\/\/agora.xtec.cat\/zerriuavall\/?p=1751"},"modified":"2022-08-01T18:24:02","modified_gmt":"2022-08-01T16:24:02","slug":"el-protagonista-de-la-setmana","status":"publish","type":"post","link":"https:\/\/agora.xtec.cat\/zerriuavall\/escola-la-pineda\/el-protagonista-de-la-setmana\/","title":{"rendered":"El protagonista de la setmana"},"content":{"rendered":"<p>Durant el transcurs del curs, cada alumne de la classe ha estat protagonista per una setmana.<\/p>\n<p>El tema principal d\u2019aquesta activitat ha estat la hist\u00f2ria personal de l\u2019infant. Al llarg de\u00a0 la setmana hem anat portant diversos materials que hem anat exposant al rac\u00f3 del protagonista. I el divendres hem dedicat una sessi\u00f3 a comentar tot el que hem portat. Les fam\u00edlies tamb\u00e9 han estat convidades a participar.<\/p>\n<p>Ha estat una experi\u00e8ncia molt enriquidora.<\/p>\n<p><a href=\"https:\/\/photos.app.goo.gl\/nR678ht8WrkiBxQD9\" target=\"_blank\" rel=\"noopener noreferrer\">Aqu\u00ed<\/a> podreu veure algunes fotos.<\/p>\n","protected":false},"excerpt":{"rendered":"<p>Durant el transcurs del curs, cada alumne de la classe ha estat protagonista per una setmana.<br \/>\nEl tema principal d\u2019aquesta activitat ha estat la hist\u00f2ria personal de l\u2019infant. Al llarg de\u00a0 la setmana hem anat portant diversos materials que hem anat exposant al rac\u00f3 del protagonista.&hellip;  <a href=\"https:\/\/agora.xtec.cat\/zerriuavall\/escola-la-pineda\/el-protagonista-de-la-setmana\/\" title=\"Read El protagonista de la setmana\">Llegeix m\u00e9s\u00bb<\/a><\/p>\n","protected":false},"author":4,"featured_media":0,"comment_status":"open","ping_status":"closed","sticky":false,"template":"","format":"standard","meta":{"_bbp_topic_count":0,"_bbp_reply_count":0,"_bbp_total_topic_count":0,"_bbp_total_reply_count":0,"_bbp_voice_count":0,"_bbp_anonymous_reply_count":0,"_bbp_topic_count_hidden":0,"_bbp_reply_count_hidden":0,"_bbp_forum_subforum_count":0,"footnotes":""},"categories":[149],"tags":[135],"class_list":["post-1751","post","type-post","status-publish","format-standard","hentry","category-escola-la-pineda","tag-escolalpnd18-19"],"post_mailing_queue_ids":[],"_links":{"self":[{"href":"https:\/\/agora.xtec.cat\/zerriuavall\/wp-json\/wp\/v2\/posts\/1751","targetHints":{"allow":["GET"]}}],"collection":[{"href":"https:\/\/agora.xtec.cat\/zerriuavall\/wp-json\/wp\/v2\/posts"}],"about":[{"href":"https:\/\/agora.xtec.cat\/zerriuavall\/wp-json\/wp\/v2\/types\/post"}],"author":[{"embeddable":true,"href":"https:\/\/agora.xtec.cat\/zerriuavall\/wp-json\/wp\/v2\/users\/4"}],"replies":[{"embeddable":true,"href":"https:\/\/agora.xtec.cat\/zerriuavall\/wp-json\/wp\/v2\/comments?post=1751"}],"version-history":[{"count":1,"href":"https:\/\/agora.xtec.cat\/zerriuavall\/wp-json\/wp\/v2\/posts\/1751\/revisions"}],"predecessor-version":[{"id":1752,"href":"https:\/\/agora.xtec.cat\/zerriuavall\/wp-json\/wp\/v2\/posts\/1751\/revisions\/1752"}],"wp:attachment":[{"href":"https:\/\/agora.xtec.cat\/zerriuavall\/wp-json\/wp\/v2\/media?parent=1751"}],"wp:term":[{"taxonomy":"category","embeddable":true,"href":"https:\/\/agora.xtec.cat\/zerriuavall\/wp-json\/wp\/v2\/categories?post=1751"},{"taxonomy":"post_tag","embeddable":true,"href":"https:\/\/agora.xtec.cat\/zerriuavall\/wp-json\/wp\/v2\/tags?post=1751"}],"curies":[{"name":"wp","href":"https:\/\/api.w.org\/{rel}","templated":true}]}}