{"id":1747,"date":"2019-07-04T10:25:43","date_gmt":"2019-07-04T08:25:43","guid":{"rendered":"http:\/\/agora.xtec.cat\/zerriuavall\/?p=1747"},"modified":"2019-07-04T10:25:43","modified_gmt":"2019-07-04T08:25:43","slug":"xerrada-primers-auxilis","status":"publish","type":"post","link":"https:\/\/agora.xtec.cat\/zerriuavall\/escola-la-pineda\/xerrada-primers-auxilis\/","title":{"rendered":"Xerrada primers auxilis"},"content":{"rendered":"<p>El dia 24 de maig els alumnes de cs de Tivenys van anar a la sala d\u2019usos m\u00faltiples de l\u2019escola la Pineda perqu\u00e8 va venir Xaro,la infermera, a fer una xerrada de primers auxilis.Ens va explicar que hem de fer quan una persona t\u00e9 convulsions o li surt sang del nas, i tamb\u00e9 ens va explicar com embenar el bra\u00e7 d&#8217;alg\u00fa quan es fa mal.<\/p>\n<p>Clicant <a href=\"https:\/\/photos.app.goo.gl\/oBbqYHEGkZYLkjUC9\" target=\"_blank\" rel=\"noopener noreferrer\">aqu\u00ed<\/a> podreu veure algunes fotos.<\/p>\n<p>&nbsp;<\/p>\n<p>&nbsp;<\/p>\n","protected":false},"excerpt":{"rendered":"<p>El dia 24 de maig els alumnes de cs de Tivenys van anar a la sala d\u2019usos m\u00faltiples de l\u2019escola la Pineda perqu\u00e8 va venir Xaro,la infermera, a fer una xerrada de primers auxilis.Ens va explicar que hem de fer quan una persona t\u00e9 convulsions&hellip;  <a href=\"https:\/\/agora.xtec.cat\/zerriuavall\/escola-la-pineda\/xerrada-primers-auxilis\/\" title=\"Read Xerrada primers auxilis\">Llegeix m\u00e9s\u00bb<\/a><\/p>\n","protected":false},"author":4,"featured_media":0,"comment_status":"open","ping_status":"closed","sticky":false,"template":"","format":"standard","meta":{"_bbp_topic_count":0,"_bbp_reply_count":0,"_bbp_total_topic_count":0,"_bbp_total_reply_count":0,"_bbp_voice_count":0,"_bbp_anonymous_reply_count":0,"_bbp_topic_count_hidden":0,"_bbp_reply_count_hidden":0,"_bbp_forum_subforum_count":0,"footnotes":""},"categories":[149],"tags":[135],"class_list":["post-1747","post","type-post","status-publish","format-standard","hentry","category-escola-la-pineda","tag-escolalpnd18-19"],"post_mailing_queue_ids":[],"_links":{"self":[{"href":"https:\/\/agora.xtec.cat\/zerriuavall\/wp-json\/wp\/v2\/posts\/1747","targetHints":{"allow":["GET"]}}],"collection":[{"href":"https:\/\/agora.xtec.cat\/zerriuavall\/wp-json\/wp\/v2\/posts"}],"about":[{"href":"https:\/\/agora.xtec.cat\/zerriuavall\/wp-json\/wp\/v2\/types\/post"}],"author":[{"embeddable":true,"href":"https:\/\/agora.xtec.cat\/zerriuavall\/wp-json\/wp\/v2\/users\/4"}],"replies":[{"embeddable":true,"href":"https:\/\/agora.xtec.cat\/zerriuavall\/wp-json\/wp\/v2\/comments?post=1747"}],"version-history":[{"count":1,"href":"https:\/\/agora.xtec.cat\/zerriuavall\/wp-json\/wp\/v2\/posts\/1747\/revisions"}],"predecessor-version":[{"id":1748,"href":"https:\/\/agora.xtec.cat\/zerriuavall\/wp-json\/wp\/v2\/posts\/1747\/revisions\/1748"}],"wp:attachment":[{"href":"https:\/\/agora.xtec.cat\/zerriuavall\/wp-json\/wp\/v2\/media?parent=1747"}],"wp:term":[{"taxonomy":"category","embeddable":true,"href":"https:\/\/agora.xtec.cat\/zerriuavall\/wp-json\/wp\/v2\/categories?post=1747"},{"taxonomy":"post_tag","embeddable":true,"href":"https:\/\/agora.xtec.cat\/zerriuavall\/wp-json\/wp\/v2\/tags?post=1747"}],"curies":[{"name":"wp","href":"https:\/\/api.w.org\/{rel}","templated":true}]}}