{"id":1729,"date":"2019-05-31T15:02:22","date_gmt":"2019-05-31T13:02:22","guid":{"rendered":"http:\/\/agora.xtec.cat\/zerriuavall\/?p=1729"},"modified":"2022-08-01T18:24:33","modified_gmt":"2022-08-01T16:24:33","slug":"dia-de-leducacio-fisica-al-carrer","status":"publish","type":"post","link":"https:\/\/agora.xtec.cat\/zerriuavall\/escola-la-pineda\/dia-de-leducacio-fisica-al-carrer\/","title":{"rendered":"Dia de l&#8217;educaci\u00f3 f\u00edsica al carrer"},"content":{"rendered":"<p>El passat 25 d&#8217;abril va ser el dia de l&#8217;educaci\u00f3 f\u00edsica al carrer. \u00a0Des de la ZER Riu Avall ens\u00a0 vam voler unir a aquesta iniciativa que vol donar a con\u00e8ixer com \u00e9s l&#8217;actual educaci\u00f3 f\u00edsica a les escoles.<\/p>\n<p>Alguns dels objectius d&#8217;aquest dia s\u00f3n:<\/p>\n<p>Mostrar la import\u00e0ncia de l\u2019Educaci\u00f3 F\u00edsica pel desenvolupament integral i integrat en totes les edats.<br \/>\nDonar a con\u00e8ixer la nova Educaci\u00f3 F\u00edsica: integradora, variada i divertida.<br \/>\nFomentar la pr\u00e0ctica d\u2019activitats f\u00edsiques variades i en companyia pel benestar f\u00edsic, ps\u00edquic i social.<br \/>\nAnimar a la societat a adoptar un estil de vida actiu.<br \/>\nTransmetre els valors que la pr\u00e0ctica de l\u2019activitat f\u00edsica ajuda a potenciar: esfor\u00e7, autosuperaci\u00f3, cooperaci\u00f3, empatia.<\/p>\n<p>Aqu\u00ed teniu algunes imatges de la jornada:<\/p>\n<p><a href=\"https:\/\/photos.app.goo.gl\/rbgmYCWps9HaGoS88\" target=\"_blank\" rel=\"noopener noreferrer\">Escola B\u00edtem<\/a>\u00a0 \u00a0 \u00a0 \u00a0 \u00a0 \u00a0 \u00a0 \u00a0 \u00a0 \u00a0 \u00a0 \u00a0 \u00a0 \u00a0 <a href=\"https:\/\/photos.app.goo.gl\/cuCEARU2znzQ7fD98\" target=\"_blank\" rel=\"noopener noreferrer\">Escola La Pineda<\/a><\/p>\n","protected":false},"excerpt":{"rendered":"<p>El passat 25 d&#8217;abril va ser el dia de l&#8217;educaci\u00f3 f\u00edsica al carrer. \u00a0Des de la ZER Riu Avall ens\u00a0 vam voler unir a aquesta iniciativa que vol donar a con\u00e8ixer com \u00e9s l&#8217;actual educaci\u00f3 f\u00edsica a les escoles.<br \/>\nAlguns dels objectius d&#8217;aquest dia s\u00f3n:<br \/>\nMostrar la&hellip;  <a href=\"https:\/\/agora.xtec.cat\/zerriuavall\/escola-la-pineda\/dia-de-leducacio-fisica-al-carrer\/\" title=\"Read Dia de l&#8217;educaci\u00f3 f\u00edsica al carrer\">Llegeix m\u00e9s\u00bb<\/a><\/p>\n","protected":false},"author":4,"featured_media":0,"comment_status":"open","ping_status":"closed","sticky":false,"template":"","format":"standard","meta":{"_bbp_topic_count":0,"_bbp_reply_count":0,"_bbp_total_topic_count":0,"_bbp_total_reply_count":0,"_bbp_voice_count":0,"_bbp_anonymous_reply_count":0,"_bbp_topic_count_hidden":0,"_bbp_reply_count_hidden":0,"_bbp_forum_subforum_count":0,"footnotes":""},"categories":[149],"tags":[135],"class_list":["post-1729","post","type-post","status-publish","format-standard","hentry","category-escola-la-pineda","tag-escolalpnd18-19"],"post_mailing_queue_ids":[],"_links":{"self":[{"href":"https:\/\/agora.xtec.cat\/zerriuavall\/wp-json\/wp\/v2\/posts\/1729","targetHints":{"allow":["GET"]}}],"collection":[{"href":"https:\/\/agora.xtec.cat\/zerriuavall\/wp-json\/wp\/v2\/posts"}],"about":[{"href":"https:\/\/agora.xtec.cat\/zerriuavall\/wp-json\/wp\/v2\/types\/post"}],"author":[{"embeddable":true,"href":"https:\/\/agora.xtec.cat\/zerriuavall\/wp-json\/wp\/v2\/users\/4"}],"replies":[{"embeddable":true,"href":"https:\/\/agora.xtec.cat\/zerriuavall\/wp-json\/wp\/v2\/comments?post=1729"}],"version-history":[{"count":1,"href":"https:\/\/agora.xtec.cat\/zerriuavall\/wp-json\/wp\/v2\/posts\/1729\/revisions"}],"predecessor-version":[{"id":1730,"href":"https:\/\/agora.xtec.cat\/zerriuavall\/wp-json\/wp\/v2\/posts\/1729\/revisions\/1730"}],"wp:attachment":[{"href":"https:\/\/agora.xtec.cat\/zerriuavall\/wp-json\/wp\/v2\/media?parent=1729"}],"wp:term":[{"taxonomy":"category","embeddable":true,"href":"https:\/\/agora.xtec.cat\/zerriuavall\/wp-json\/wp\/v2\/categories?post=1729"},{"taxonomy":"post_tag","embeddable":true,"href":"https:\/\/agora.xtec.cat\/zerriuavall\/wp-json\/wp\/v2\/tags?post=1729"}],"curies":[{"name":"wp","href":"https:\/\/api.w.org\/{rel}","templated":true}]}}