{"id":1712,"date":"2019-04-12T14:52:07","date_gmt":"2019-04-12T12:52:07","guid":{"rendered":"http:\/\/agora.xtec.cat\/zerriuavall\/?p=1712"},"modified":"2022-08-01T18:30:03","modified_gmt":"2022-08-01T16:30:03","slug":"mostra-de-teatre-escolar-del-baix-ebre","status":"publish","type":"post","link":"https:\/\/agora.xtec.cat\/zerriuavall\/escola-la-pineda\/mostra-de-teatre-escolar-del-baix-ebre\/","title":{"rendered":"Mostra de Teatre Escolar del Baix Ebre"},"content":{"rendered":"<p>El passat 4 d&#8217;abril l&#8217;alumnat de la <span class=\"hiddenSpellError\">ZER<\/span> Riu Avall va participar en la 35a Mostra de Teatre Escolar del Baix Ebre.<\/p>\n<p>L&#8217;Escola B\u00edtem va representar l&#8217;obra &#8220;Any de neu, any de D\u00e9u&#8221; interpretada per Cicle mitj\u00e0.<br \/>\nL&#8217;alumnat de Cicle Superior de l&#8217;Escola La Pineda va representar l&#8217;obra &#8220;La sospita est\u00e0 servida&#8221; d&#8217;Adelaida <span class=\"hiddenSpellError\">Fr\u00edas<\/span>.<\/p>\n<p>Aqu\u00ed teniu algunes imatges de la jornada:<\/p>\n<p><a href=\"https:\/\/photos.app.goo.gl\/1bq5dRYx1LhAhVv39\" target=\"_blank\" rel=\"noopener noreferrer\">Escola B\u00edtem \u00a0<\/a> \u00a0 \u00a0 \u00a0 \u00a0 \u00a0 \u00a0 \u00a0 \u00a0 \u00a0 <a href=\"https:\/\/photos.app.goo.gl\/6puTbEhmxfwXCyxEA\" target=\"_blank\" rel=\"noopener noreferrer\">\u00a0Escola La Pineda<\/a><\/p>\n","protected":false},"excerpt":{"rendered":"<p>El passat 4 d&#8217;abril l&#8217;alumnat de la ZER Riu Avall va participar en la 35a Mostra de Teatre Escolar del Baix Ebre.<br \/>\nL&#8217;Escola B\u00edtem va representar l&#8217;obra &#8220;Any de neu, any de D\u00e9u&#8221; interpretada per Cicle mitj\u00e0.<br \/>\nL&#8217;alumnat de Cicle Superior de l&#8217;Escola La Pineda va representar&hellip;  <a href=\"https:\/\/agora.xtec.cat\/zerriuavall\/escola-la-pineda\/mostra-de-teatre-escolar-del-baix-ebre\/\" title=\"Read Mostra de Teatre Escolar del Baix Ebre\">Llegeix m\u00e9s\u00bb<\/a><\/p>\n","protected":false},"author":4,"featured_media":0,"comment_status":"open","ping_status":"closed","sticky":false,"template":"","format":"standard","meta":{"_bbp_topic_count":0,"_bbp_reply_count":0,"_bbp_total_topic_count":0,"_bbp_total_reply_count":0,"_bbp_voice_count":0,"_bbp_anonymous_reply_count":0,"_bbp_topic_count_hidden":0,"_bbp_reply_count_hidden":0,"_bbp_forum_subforum_count":0,"footnotes":""},"categories":[150,158,149,156],"tags":[200,202,135],"class_list":["post-1712","post","type-post","status-publish","format-standard","hentry","category-btm","category-btm34","category-escola-la-pineda","category-t56","tag-escola-bitem-2018-2019","tag-escola-bitem-teatre","tag-escolalpnd18-19"],"post_mailing_queue_ids":[],"_links":{"self":[{"href":"https:\/\/agora.xtec.cat\/zerriuavall\/wp-json\/wp\/v2\/posts\/1712","targetHints":{"allow":["GET"]}}],"collection":[{"href":"https:\/\/agora.xtec.cat\/zerriuavall\/wp-json\/wp\/v2\/posts"}],"about":[{"href":"https:\/\/agora.xtec.cat\/zerriuavall\/wp-json\/wp\/v2\/types\/post"}],"author":[{"embeddable":true,"href":"https:\/\/agora.xtec.cat\/zerriuavall\/wp-json\/wp\/v2\/users\/4"}],"replies":[{"embeddable":true,"href":"https:\/\/agora.xtec.cat\/zerriuavall\/wp-json\/wp\/v2\/comments?post=1712"}],"version-history":[{"count":2,"href":"https:\/\/agora.xtec.cat\/zerriuavall\/wp-json\/wp\/v2\/posts\/1712\/revisions"}],"predecessor-version":[{"id":1803,"href":"https:\/\/agora.xtec.cat\/zerriuavall\/wp-json\/wp\/v2\/posts\/1712\/revisions\/1803"}],"wp:attachment":[{"href":"https:\/\/agora.xtec.cat\/zerriuavall\/wp-json\/wp\/v2\/media?parent=1712"}],"wp:term":[{"taxonomy":"category","embeddable":true,"href":"https:\/\/agora.xtec.cat\/zerriuavall\/wp-json\/wp\/v2\/categories?post=1712"},{"taxonomy":"post_tag","embeddable":true,"href":"https:\/\/agora.xtec.cat\/zerriuavall\/wp-json\/wp\/v2\/tags?post=1712"}],"curies":[{"name":"wp","href":"https:\/\/api.w.org\/{rel}","templated":true}]}}