{"id":1697,"date":"2019-03-13T19:18:05","date_gmt":"2019-03-13T18:18:05","guid":{"rendered":"http:\/\/agora.xtec.cat\/zerriuavall\/?p=1697"},"modified":"2022-08-01T18:31:20","modified_gmt":"2022-08-01T16:31:20","slug":"15e-certamen-de-lectura-en-veu-alta","status":"publish","type":"post","link":"https:\/\/agora.xtec.cat\/zerriuavall\/btm\/15e-certamen-de-lectura-en-veu-alta\/","title":{"rendered":"15\u00e8 CERTAMEN DE LECTURA EN VEU ALTA"},"content":{"rendered":"<p>Aquest curs 2018-2019, les dues escoles de la ZER hem participat en el 15\u00e8 Certamen de lectura en veu alta que organitza la Fundaci\u00f3 Enciclop\u00e8dia Catalana i el Departament d\u2019Educaci\u00f3 de la Generalitat de Catalunya.<\/p>\n<p>Les participants de l&#8217;Escola B\u00edtem han estat IMC de 4t i SCE de 6\u00e8.<\/p>\n<p><iframe loading=\"lazy\" src=\"https:\/\/drive.google.com\/file\/d\/1j-DDuP_eNL_WWaPnypx1X2gtA_HKtxB6\/preview\" width=\"640\" height=\"360\"><\/iframe><\/p>\n<p><iframe loading=\"lazy\" src=\"https:\/\/drive.google.com\/file\/d\/1lHGAR8Z7sWj3wOBZ2LDFMuvoYu-Am8Pt\/preview\" width=\"640\" height=\"360\"><\/iframe><\/p>\n<p>&nbsp;<\/p>\n<p><a href=\"https:\/\/photos.app.goo.gl\/RqpCsf4r7ynXvp1q9\" target=\"_blank\" rel=\"noopener noreferrer\">Foto<\/a> del \u00a0certamen Escola La Pineda.<\/p>\n<p>&nbsp;<\/p>\n<p>&nbsp;<\/p>\n","protected":false},"excerpt":{"rendered":"<p>Aquest curs 2018-2019, les dues escoles de la ZER hem participat en el 15\u00e8 Certamen de lectura en veu alta que organitza la Fundaci\u00f3 Enciclop\u00e8dia Catalana i el Departament d\u2019Educaci\u00f3 de la Generalitat de Catalunya.<br \/>\nLes participants de l&#8217;Escola B\u00edtem han estat IMC de 4t i&hellip;  <a href=\"https:\/\/agora.xtec.cat\/zerriuavall\/btm\/15e-certamen-de-lectura-en-veu-alta\/\" title=\"Read 15\u00e8 CERTAMEN DE LECTURA EN VEU ALTA\">Llegeix m\u00e9s\u00bb<\/a><\/p>\n","protected":false},"author":1,"featured_media":0,"comment_status":"open","ping_status":"closed","sticky":false,"template":"","format":"standard","meta":{"_bbp_topic_count":0,"_bbp_reply_count":0,"_bbp_total_topic_count":0,"_bbp_total_reply_count":0,"_bbp_voice_count":0,"_bbp_anonymous_reply_count":0,"_bbp_topic_count_hidden":0,"_bbp_reply_count_hidden":0,"_bbp_forum_subforum_count":0,"footnotes":""},"categories":[150,158,157],"tags":[200,203],"class_list":["post-1697","post","type-post","status-publish","format-standard","hentry","category-btm","category-btm34","category-btm56","tag-escola-bitem-2018-2019","tag-escola-bitem-lectura-veu-alta"],"post_mailing_queue_ids":[],"_links":{"self":[{"href":"https:\/\/agora.xtec.cat\/zerriuavall\/wp-json\/wp\/v2\/posts\/1697","targetHints":{"allow":["GET"]}}],"collection":[{"href":"https:\/\/agora.xtec.cat\/zerriuavall\/wp-json\/wp\/v2\/posts"}],"about":[{"href":"https:\/\/agora.xtec.cat\/zerriuavall\/wp-json\/wp\/v2\/types\/post"}],"author":[{"embeddable":true,"href":"https:\/\/agora.xtec.cat\/zerriuavall\/wp-json\/wp\/v2\/users\/1"}],"replies":[{"embeddable":true,"href":"https:\/\/agora.xtec.cat\/zerriuavall\/wp-json\/wp\/v2\/comments?post=1697"}],"version-history":[{"count":3,"href":"https:\/\/agora.xtec.cat\/zerriuavall\/wp-json\/wp\/v2\/posts\/1697\/revisions"}],"predecessor-version":[{"id":1798,"href":"https:\/\/agora.xtec.cat\/zerriuavall\/wp-json\/wp\/v2\/posts\/1697\/revisions\/1798"}],"wp:attachment":[{"href":"https:\/\/agora.xtec.cat\/zerriuavall\/wp-json\/wp\/v2\/media?parent=1697"}],"wp:term":[{"taxonomy":"category","embeddable":true,"href":"https:\/\/agora.xtec.cat\/zerriuavall\/wp-json\/wp\/v2\/categories?post=1697"},{"taxonomy":"post_tag","embeddable":true,"href":"https:\/\/agora.xtec.cat\/zerriuavall\/wp-json\/wp\/v2\/tags?post=1697"}],"curies":[{"name":"wp","href":"https:\/\/api.w.org\/{rel}","templated":true}]}}