{"id":1682,"date":"2019-01-17T14:31:28","date_gmt":"2019-01-17T13:31:28","guid":{"rendered":"http:\/\/agora.xtec.cat\/zerriuavall\/?p=1682"},"modified":"2022-08-01T18:35:57","modified_gmt":"2022-08-01T16:35:57","slug":"pablo-picasso","status":"publish","type":"post","link":"https:\/\/agora.xtec.cat\/zerriuavall\/escola-la-pineda\/pablo-picasso\/","title":{"rendered":"PABLO PICASSO"},"content":{"rendered":"<p>La pl\u00e0stica \u00e9s un recurs transversal i interdisciplinari, amb el qual l\u2019alumnat apr\u00e8n i madura a trav\u00e9s de l\u2019observaci\u00f3 i la interpretaci\u00f3 particular de les obres d\u2019art.<\/p>\n<p>Aquest passat primer trimestre del curs hem decidit centrar l\u2019assignatura en l\u2019artista Pablo Picasso, no nom\u00e9s perqu\u00e8 es tracti d\u2019un dels pintors m\u00e9s importants del segle XX, sin\u00f3 tamb\u00e9 per la seva vinculaci\u00f3 amb les nostres contrades, concretament a Horta de Sant Joan on hi va passar llargues estades.<\/p>\n<p>En aquestes edats als infants els hi encanta dibuixar i pintar, \u00e9s per aix\u00f2 que volem aprofitar aquesta motivaci\u00f3 perqu\u00e8 descobreixin diferents formes de dibuixar, ja que Picasso va utilitzar diferents t\u00e8cniques (cubisme, realisme, impressionisme\u2026) portant-lo a ser un dels artistes m\u00e9s complets d\u2019aquesta \u00e8poca.<\/p>\n<p><a href=\"https:\/\/photos.app.goo.gl\/reuuJg8jo1XuUiPx5\" target=\"_blank\" rel=\"noopener noreferrer\">Aqu\u00ed<\/a> podreu veure els resultats obtinguts amb els nostres petits artistes.<\/p>\n<p>&nbsp;<\/p>\n","protected":false},"excerpt":{"rendered":"<p>La pl\u00e0stica \u00e9s un recurs transversal i interdisciplinari, amb el qual l\u2019alumnat apr\u00e8n i madura a trav\u00e9s de l\u2019observaci\u00f3 i la interpretaci\u00f3 particular de les obres d\u2019art.<br \/>\nAquest passat primer trimestre del curs hem decidit centrar l\u2019assignatura en l\u2019artista Pablo Picasso, no nom\u00e9s perqu\u00e8 es tracti&hellip;  <a href=\"https:\/\/agora.xtec.cat\/zerriuavall\/escola-la-pineda\/pablo-picasso\/\" title=\"Read PABLO PICASSO\">Llegeix m\u00e9s\u00bb<\/a><\/p>\n","protected":false},"author":4,"featured_media":0,"comment_status":"open","ping_status":"closed","sticky":false,"template":"","format":"standard","meta":{"_bbp_topic_count":0,"_bbp_reply_count":0,"_bbp_total_topic_count":0,"_bbp_total_reply_count":0,"_bbp_voice_count":0,"_bbp_anonymous_reply_count":0,"_bbp_topic_count_hidden":0,"_bbp_reply_count_hidden":0,"_bbp_forum_subforum_count":0,"footnotes":""},"categories":[149],"tags":[135],"class_list":["post-1682","post","type-post","status-publish","format-standard","hentry","category-escola-la-pineda","tag-escolalpnd18-19"],"post_mailing_queue_ids":[],"_links":{"self":[{"href":"https:\/\/agora.xtec.cat\/zerriuavall\/wp-json\/wp\/v2\/posts\/1682","targetHints":{"allow":["GET"]}}],"collection":[{"href":"https:\/\/agora.xtec.cat\/zerriuavall\/wp-json\/wp\/v2\/posts"}],"about":[{"href":"https:\/\/agora.xtec.cat\/zerriuavall\/wp-json\/wp\/v2\/types\/post"}],"author":[{"embeddable":true,"href":"https:\/\/agora.xtec.cat\/zerriuavall\/wp-json\/wp\/v2\/users\/4"}],"replies":[{"embeddable":true,"href":"https:\/\/agora.xtec.cat\/zerriuavall\/wp-json\/wp\/v2\/comments?post=1682"}],"version-history":[{"count":2,"href":"https:\/\/agora.xtec.cat\/zerriuavall\/wp-json\/wp\/v2\/posts\/1682\/revisions"}],"predecessor-version":[{"id":1800,"href":"https:\/\/agora.xtec.cat\/zerriuavall\/wp-json\/wp\/v2\/posts\/1682\/revisions\/1800"}],"wp:attachment":[{"href":"https:\/\/agora.xtec.cat\/zerriuavall\/wp-json\/wp\/v2\/media?parent=1682"}],"wp:term":[{"taxonomy":"category","embeddable":true,"href":"https:\/\/agora.xtec.cat\/zerriuavall\/wp-json\/wp\/v2\/categories?post=1682"},{"taxonomy":"post_tag","embeddable":true,"href":"https:\/\/agora.xtec.cat\/zerriuavall\/wp-json\/wp\/v2\/tags?post=1682"}],"curies":[{"name":"wp","href":"https:\/\/api.w.org\/{rel}","templated":true}]}}