{"id":1669,"date":"2018-12-18T17:21:30","date_gmt":"2018-12-18T16:21:30","guid":{"rendered":"http:\/\/agora.xtec.cat\/zerriuavall\/?p=1669"},"modified":"2022-08-01T18:39:23","modified_gmt":"2022-08-01T16:39:23","slug":"la-marato-de-tv3-2","status":"publish","type":"post","link":"https:\/\/agora.xtec.cat\/zerriuavall\/general\/la-marato-de-tv3-2\/","title":{"rendered":"La Marat\u00f3 de TV3"},"content":{"rendered":"<p><span style=\"font-weight: 400;\">Durant aquest mes de desembre des de la ZER Riu Avall s&#8217;han realitzat diferents activitats amb motiu de La Marat\u00f3 de TV3.<\/span><\/p>\n<p><span style=\"font-weight: 400;\">Concretament al taller d\u2019expressi\u00f3 corporal i dansa, hem estat enregistrant un video en motiu de la marat\u00f3 de TV3 2018, en el que els protagonistes s\u00f3n tot l\u2019alumnat de la ZER Riu Avall, des d\u2019educaci\u00f3 infantil (p3) fins a cicle superior (6\u00e8).<\/span><\/p>\n<p><span style=\"font-weight: 400;\">A trav\u00e9s del moviment corporal i del ball ens hem volgut sumar a aquesta causa solid\u00e0ria, tot fent audibles algunes de les can\u00e7ons incloses al cd de la marat\u00f3 i fent visibles diferents tipus de lla\u00e7os solidaris que hem improvisat, expressament, per a aquest video musical.<\/span><\/p>\n<p><span style=\"font-weight: 400;\">Tot seguit adjuntem algunes fotografies de diferents moments on realitzem diverses activitats.<\/span><\/p>\n<p><span style=\"font-weight: 400;\">Clicant aqu\u00ed podeu veure el\u00a0\u00a0video.<\/span><\/p>\n<p>Si voleu veure algunes de les fotografies de l&#8217;Escola B\u00edtem cliqueu <a href=\"https:\/\/photos.app.goo.gl\/UyN4wtrhPgEQYqsG7\" target=\"_blank\" rel=\"noopener noreferrer\">aqu\u00ed<\/a>.<\/p>\n<p>Per a veure les imatges de l&#8217;Escola La Pineda podeu fer-ho clicant <a href=\"https:\/\/photos.app.goo.gl\/LJREabF1BsQ9ykiQ6\" target=\"_blank\" rel=\"noopener noreferrer\">aqu\u00ed<\/a>.<\/p>\n","protected":false},"excerpt":{"rendered":"<p>Durant aquest mes de desembre des de la ZER Riu Avall s&#8217;han realitzat diferents activitats amb motiu de La Marat\u00f3 de TV3.<br \/>\nConcretament al taller d\u2019expressi\u00f3 corporal i dansa, hem estat enregistrant un video en motiu de la marat\u00f3 de TV3 2018, en el que els&hellip;  <a href=\"https:\/\/agora.xtec.cat\/zerriuavall\/general\/la-marato-de-tv3-2\/\" title=\"Read La Marat\u00f3 de TV3\">Llegeix m\u00e9s\u00bb<\/a><\/p>\n","protected":false},"author":4,"featured_media":0,"comment_status":"open","ping_status":"closed","sticky":false,"template":"","format":"standard","meta":{"_bbp_topic_count":0,"_bbp_reply_count":0,"_bbp_total_topic_count":0,"_bbp_total_reply_count":0,"_bbp_voice_count":0,"_bbp_anonymous_reply_count":0,"_bbp_topic_count_hidden":0,"_bbp_reply_count_hidden":0,"_bbp_forum_subforum_count":0,"footnotes":""},"categories":[149,1],"tags":[135],"class_list":["post-1669","post","type-post","status-publish","format-standard","hentry","category-escola-la-pineda","category-general","tag-escolalpnd18-19"],"post_mailing_queue_ids":[],"_links":{"self":[{"href":"https:\/\/agora.xtec.cat\/zerriuavall\/wp-json\/wp\/v2\/posts\/1669","targetHints":{"allow":["GET"]}}],"collection":[{"href":"https:\/\/agora.xtec.cat\/zerriuavall\/wp-json\/wp\/v2\/posts"}],"about":[{"href":"https:\/\/agora.xtec.cat\/zerriuavall\/wp-json\/wp\/v2\/types\/post"}],"author":[{"embeddable":true,"href":"https:\/\/agora.xtec.cat\/zerriuavall\/wp-json\/wp\/v2\/users\/4"}],"replies":[{"embeddable":true,"href":"https:\/\/agora.xtec.cat\/zerriuavall\/wp-json\/wp\/v2\/comments?post=1669"}],"version-history":[{"count":3,"href":"https:\/\/agora.xtec.cat\/zerriuavall\/wp-json\/wp\/v2\/posts\/1669\/revisions"}],"predecessor-version":[{"id":1804,"href":"https:\/\/agora.xtec.cat\/zerriuavall\/wp-json\/wp\/v2\/posts\/1669\/revisions\/1804"}],"wp:attachment":[{"href":"https:\/\/agora.xtec.cat\/zerriuavall\/wp-json\/wp\/v2\/media?parent=1669"}],"wp:term":[{"taxonomy":"category","embeddable":true,"href":"https:\/\/agora.xtec.cat\/zerriuavall\/wp-json\/wp\/v2\/categories?post=1669"},{"taxonomy":"post_tag","embeddable":true,"href":"https:\/\/agora.xtec.cat\/zerriuavall\/wp-json\/wp\/v2\/tags?post=1669"}],"curies":[{"name":"wp","href":"https:\/\/api.w.org\/{rel}","templated":true}]}}