{"id":1592,"date":"2018-06-27T13:48:33","date_gmt":"2018-06-27T11:48:33","guid":{"rendered":"http:\/\/agora.xtec.cat\/zerriuavall\/?p=1592"},"modified":"2022-08-01T18:48:32","modified_gmt":"2022-08-01T16:48:32","slug":"contes-marc-jornet","status":"publish","type":"post","link":"https:\/\/agora.xtec.cat\/zerriuavall\/escola-la-pineda\/contes-marc-jornet\/","title":{"rendered":"CONTA CONTES"},"content":{"rendered":"<p>El 17 d\u2019abril de 2018 va vindre Marc, el conta contes, a l\u2019escola.<\/p>\n<p>Ens va ensenyar la can\u00e7\u00f3 de Somriure \u00e9s f\u00e0cil.<\/p>\n<p>Tamb\u00e9 <a href=\"https:\/\/photos.app.goo.gl\/4z7Ze2GHdgWYKneYA\">ens va contar els contes <\/a>de l\u2019abella reina, els gegants de Gandesa, i el caragol i el c\u00e9rvol.<\/p>\n<p>Ens va agradar molt.<\/p>\n","protected":false},"excerpt":{"rendered":"<p>El 17 d\u2019abril de 2018 va vindre Marc, el conta contes, a l\u2019escola.<br \/>\nEns va ensenyar la can\u00e7\u00f3 de Somriure \u00e9s f\u00e0cil.<br \/>\nTamb\u00e9 <a href=\"https:\/\/photos.app.goo.gl\/4z7Ze2GHdgWYKneYA\">ens va contar els contes <\/a>de l\u2019abella reina, els gegants de Gandesa, i el caragol i el c\u00e9rvol.<br \/>\nEns va agradar molt.<\/p>\n","protected":false},"author":1,"featured_media":0,"comment_status":"open","ping_status":"closed","sticky":false,"template":"","format":"standard","meta":{"_bbp_topic_count":0,"_bbp_reply_count":0,"_bbp_total_topic_count":0,"_bbp_total_reply_count":0,"_bbp_voice_count":0,"_bbp_anonymous_reply_count":0,"_bbp_topic_count_hidden":0,"_bbp_reply_count_hidden":0,"_bbp_forum_subforum_count":0,"footnotes":""},"categories":[149],"tags":[113],"class_list":["post-1592","post","type-post","status-publish","format-standard","hentry","category-escola-la-pineda","tag-2017-2018"],"post_mailing_queue_ids":[],"_links":{"self":[{"href":"https:\/\/agora.xtec.cat\/zerriuavall\/wp-json\/wp\/v2\/posts\/1592","targetHints":{"allow":["GET"]}}],"collection":[{"href":"https:\/\/agora.xtec.cat\/zerriuavall\/wp-json\/wp\/v2\/posts"}],"about":[{"href":"https:\/\/agora.xtec.cat\/zerriuavall\/wp-json\/wp\/v2\/types\/post"}],"author":[{"embeddable":true,"href":"https:\/\/agora.xtec.cat\/zerriuavall\/wp-json\/wp\/v2\/users\/1"}],"replies":[{"embeddable":true,"href":"https:\/\/agora.xtec.cat\/zerriuavall\/wp-json\/wp\/v2\/comments?post=1592"}],"version-history":[{"count":2,"href":"https:\/\/agora.xtec.cat\/zerriuavall\/wp-json\/wp\/v2\/posts\/1592\/revisions"}],"predecessor-version":[{"id":1611,"href":"https:\/\/agora.xtec.cat\/zerriuavall\/wp-json\/wp\/v2\/posts\/1592\/revisions\/1611"}],"wp:attachment":[{"href":"https:\/\/agora.xtec.cat\/zerriuavall\/wp-json\/wp\/v2\/media?parent=1592"}],"wp:term":[{"taxonomy":"category","embeddable":true,"href":"https:\/\/agora.xtec.cat\/zerriuavall\/wp-json\/wp\/v2\/categories?post=1592"},{"taxonomy":"post_tag","embeddable":true,"href":"https:\/\/agora.xtec.cat\/zerriuavall\/wp-json\/wp\/v2\/tags?post=1592"}],"curies":[{"name":"wp","href":"https:\/\/api.w.org\/{rel}","templated":true}]}}