{"id":1561,"date":"2018-05-02T14:24:30","date_gmt":"2018-05-02T12:24:30","guid":{"rendered":"http:\/\/agora.xtec.cat\/zerriuavall\/?p=1561"},"modified":"2022-08-01T18:55:23","modified_gmt":"2022-08-01T16:55:23","slug":"joguines-amb-material-reciclat","status":"publish","type":"post","link":"https:\/\/agora.xtec.cat\/zerriuavall\/escola-la-pineda\/joguines-amb-material-reciclat\/","title":{"rendered":"Joguines amb material reciclat"},"content":{"rendered":"<p>El \u00a0passat \u00a015 de\u00a0 desembre \u00a0cada\u00a0 nen\u00a0 de\u00a0 l\u2019escola \u00a0va\u00a0 portar\u00a0 una\u00a0 joguina\u00a0 feta \u00a0en\u00a0 materials reciclats.<\/p>\n<p>Vam utilitzar ampolles de pl\u00e0stic, tubs de cartr\u00f3, gots de pl\u00e0stic\u2026<\/p>\n<p>Vam explicar com hav\u00edem fet la nostra joguina i vam jugar tots junys.<\/p>\n<p>Si voleu veure les imatges cliqueu al seg\u00fcent\u00a0<a href=\"https:\/\/photos.app.goo.gl\/3CSu86dk8AedFJVl2\">enlla\u00e7.<\/a><\/p>\n","protected":false},"excerpt":{"rendered":"<p>El \u00a0passat \u00a015 de\u00a0 desembre \u00a0cada\u00a0 nen\u00a0 de\u00a0 l\u2019escola \u00a0va\u00a0 portar\u00a0 una\u00a0 joguina\u00a0 feta \u00a0en\u00a0 materials reciclats.<br \/>\nVam utilitzar ampolles de pl\u00e0stic, tubs de cartr\u00f3, gots de pl\u00e0stic\u2026<br \/>\nVam explicar com hav\u00edem fet la nostra joguina i vam jugar tots junys.<br \/>\nSi voleu veure les imatges cliqueu al&hellip;  <a href=\"https:\/\/agora.xtec.cat\/zerriuavall\/escola-la-pineda\/joguines-amb-material-reciclat\/\" title=\"Read Joguines amb material reciclat\">Llegeix m\u00e9s\u00bb<\/a><\/p>\n","protected":false},"author":1,"featured_media":0,"comment_status":"open","ping_status":"closed","sticky":false,"template":"","format":"standard","meta":{"_bbp_topic_count":0,"_bbp_reply_count":0,"_bbp_total_topic_count":0,"_bbp_total_reply_count":0,"_bbp_voice_count":0,"_bbp_anonymous_reply_count":0,"_bbp_topic_count_hidden":0,"_bbp_reply_count_hidden":0,"_bbp_forum_subforum_count":0,"footnotes":""},"categories":[149],"tags":[113],"class_list":["post-1561","post","type-post","status-publish","format-standard","hentry","category-escola-la-pineda","tag-2017-2018"],"post_mailing_queue_ids":[],"_links":{"self":[{"href":"https:\/\/agora.xtec.cat\/zerriuavall\/wp-json\/wp\/v2\/posts\/1561","targetHints":{"allow":["GET"]}}],"collection":[{"href":"https:\/\/agora.xtec.cat\/zerriuavall\/wp-json\/wp\/v2\/posts"}],"about":[{"href":"https:\/\/agora.xtec.cat\/zerriuavall\/wp-json\/wp\/v2\/types\/post"}],"author":[{"embeddable":true,"href":"https:\/\/agora.xtec.cat\/zerriuavall\/wp-json\/wp\/v2\/users\/1"}],"replies":[{"embeddable":true,"href":"https:\/\/agora.xtec.cat\/zerriuavall\/wp-json\/wp\/v2\/comments?post=1561"}],"version-history":[{"count":3,"href":"https:\/\/agora.xtec.cat\/zerriuavall\/wp-json\/wp\/v2\/posts\/1561\/revisions"}],"predecessor-version":[{"id":3099,"href":"https:\/\/agora.xtec.cat\/zerriuavall\/wp-json\/wp\/v2\/posts\/1561\/revisions\/3099"}],"wp:attachment":[{"href":"https:\/\/agora.xtec.cat\/zerriuavall\/wp-json\/wp\/v2\/media?parent=1561"}],"wp:term":[{"taxonomy":"category","embeddable":true,"href":"https:\/\/agora.xtec.cat\/zerriuavall\/wp-json\/wp\/v2\/categories?post=1561"},{"taxonomy":"post_tag","embeddable":true,"href":"https:\/\/agora.xtec.cat\/zerriuavall\/wp-json\/wp\/v2\/tags?post=1561"}],"curies":[{"name":"wp","href":"https:\/\/api.w.org\/{rel}","templated":true}]}}