{"id":1544,"date":"2018-04-12T18:03:03","date_gmt":"2018-04-12T16:03:03","guid":{"rendered":"http:\/\/agora.xtec.cat\/zerriuavall\/?p=1544"},"modified":"2022-08-01T18:56:23","modified_gmt":"2022-08-01T16:56:23","slug":"preinscripcio-curs-2018-2019","status":"publish","type":"post","link":"https:\/\/agora.xtec.cat\/zerriuavall\/families\/preinscripcio-curs-2018-2019\/","title":{"rendered":"Preinscripci\u00f3 curs 2018-2019"},"content":{"rendered":"<p><span style=\"font-weight: 400;\">El <a href=\"http:\/\/educacio.gencat.cat\/documents\/FormularisModels\/CentresGestioAdministrativa\/A42.pdf\">formulari de sol\u00b7licitud<\/a> s&#8217;ha de presentar acompanyat de la documentaci\u00f3 seg\u00fcent: <\/span><\/p>\n<ul>\n<li style=\"font-weight: 400;\"><b>Original i fotoc\u00f2pia del llibre de fam\u00edlia<\/b><span style=\"font-weight: 400;\"> o altres documents relatius a la filiaci\u00f3. Si l&#8217;alumne o alumna est\u00e0 en situaci\u00f3 d&#8217;acolliment, la resoluci\u00f3 d&#8217;acolliment del Departament de Treball, Afers Socials i Fam\u00edlies.<\/span><\/li>\n<li style=\"font-weight: 400;\"><b>Original i fotoc\u00f2pia del DNI de la persona sol\u00b7licitant<\/b><span style=\"font-weight: 400;\"> (pare, mare, tutor o tutora o guardador o guardadora de fet) o, si el sol\u00b7licitant \u00e9s estranger, de la targeta de resid\u00e8ncia on consta el NIE o el passaport. Si es tracta d&#8217;estrangers comunitaris, document d&#8217;identitat del pa\u00eds d&#8217;origen.<\/span><\/li>\n<li style=\"font-weight: 400;\"><b>Original i fotoc\u00f2pia del DNI de l\u2019alumne o alumna<\/b><span style=\"font-weight: 400;\"> en cas que en tingui.<\/span><\/li>\n<li style=\"font-weight: 400;\"><b>Original i fotoc\u00f2pia de la Targeta Sanit\u00e0ria Individual (TSI) del nen o la nena<\/b><span style=\"font-weight: 400;\">, si se&#8217;n disposa.<\/span><\/li>\n<li style=\"font-weight: 400;\"><b>Fotoc\u00f2pia del carnet de vacunacions on figurin les dosis de vacunes rebudes i les dates corresponents.<\/b>\n<ul>\n<li style=\"font-weight: 400;\"><span style=\"font-weight: 400;\">Quan no es tingui el carnet de vacunacions, cal presentar un certificat m\u00e8dic oficial o el carnet de salut del nen o nena on figurin les dosis de vacuna rebudes amb les dates corresponents. <\/span><\/li>\n<li style=\"font-weight: 400;\"><span style=\"font-weight: 400;\">Si el nen o la nena no han estat vacunats per indicaci\u00f3 m\u00e8dica o per altres circumst\u00e0ncies, cal presentar un certificat m\u00e8dic oficial justificatiu.<\/span><\/li>\n<\/ul>\n<\/li>\n<\/ul>\n","protected":false},"excerpt":{"rendered":"<p>El <a href=\"http:\/\/educacio.gencat.cat\/documents\/FormularisModels\/CentresGestioAdministrativa\/A42.pdf\">formulari de sol\u00b7licitud<\/a> s&#8217;ha de presentar acompanyat de la documentaci\u00f3 seg\u00fcent: <\/p>\n<ul>\n<li style=\"font-weight: 400;\">Original i fotoc\u00f2pia del llibre de fam\u00edlia o altres documents relatius a la filiaci\u00f3. Si l&#8217;alumne o alumna est\u00e0 en situaci\u00f3 d&#8217;acolliment, la resoluci\u00f3 d&#8217;acolliment del Departament de Treball, Afers&hellip;  <a href=\"https:\/\/agora.xtec.cat\/zerriuavall\/families\/preinscripcio-curs-2018-2019\/\" title=\"Read Preinscripci\u00f3 curs 2018-2019\">Llegeix m\u00e9s\u00bb<\/a><br \/>\n","protected":false},"author":1,"featured_media":0,"comment_status":"closed","ping_status":"closed","sticky":false,"template":"","format":"standard","meta":{"_bbp_topic_count":0,"_bbp_reply_count":0,"_bbp_total_topic_count":0,"_bbp_total_reply_count":0,"_bbp_voice_count":0,"_bbp_anonymous_reply_count":0,"_bbp_topic_count_hidden":0,"_bbp_reply_count_hidden":0,"_bbp_forum_subforum_count":0,"footnotes":""},"categories":[29],"tags":[],"class_list":["post-1544","post","type-post","status-publish","format-standard","hentry","category-families"],"post_mailing_queue_ids":[],"_links":{"self":[{"href":"https:\/\/agora.xtec.cat\/zerriuavall\/wp-json\/wp\/v2\/posts\/1544","targetHints":{"allow":["GET"]}}],"collection":[{"href":"https:\/\/agora.xtec.cat\/zerriuavall\/wp-json\/wp\/v2\/posts"}],"about":[{"href":"https:\/\/agora.xtec.cat\/zerriuavall\/wp-json\/wp\/v2\/types\/post"}],"author":[{"embeddable":true,"href":"https:\/\/agora.xtec.cat\/zerriuavall\/wp-json\/wp\/v2\/users\/1"}],"replies":[{"embeddable":true,"href":"https:\/\/agora.xtec.cat\/zerriuavall\/wp-json\/wp\/v2\/comments?post=1544"}],"version-history":[{"count":1,"href":"https:\/\/agora.xtec.cat\/zerriuavall\/wp-json\/wp\/v2\/posts\/1544\/revisions"}],"predecessor-version":[{"id":1545,"href":"https:\/\/agora.xtec.cat\/zerriuavall\/wp-json\/wp\/v2\/posts\/1544\/revisions\/1545"}],"wp:attachment":[{"href":"https:\/\/agora.xtec.cat\/zerriuavall\/wp-json\/wp\/v2\/media?parent=1544"}],"wp:term":[{"taxonomy":"category","embeddable":true,"href":"https:\/\/agora.xtec.cat\/zerriuavall\/wp-json\/wp\/v2\/categories?post=1544"},{"taxonomy":"post_tag","embeddable":true,"href":"https:\/\/agora.xtec.cat\/zerriuavall\/wp-json\/wp\/v2\/tags?post=1544"}],"curies":[{"name":"wp","href":"https:\/\/api.w.org\/{rel}","templated":true}]}}