{"id":1292,"date":"2017-10-27T08:45:59","date_gmt":"2017-10-27T06:45:59","guid":{"rendered":"http:\/\/agora.xtec.cat\/zerriuavall\/?p=1292"},"modified":"2022-08-01T19:00:46","modified_gmt":"2022-08-01T17:00:46","slug":"estades-linguistiques-day2","status":"publish","type":"post","link":"https:\/\/agora.xtec.cat\/zerriuavall\/gep\/estades-linguistiques-day2\/","title":{"rendered":"ESTADES LING\u00dc\u00cdSTIQUES #DAY2"},"content":{"rendered":"<p>Avui hem comen\u00e7at el dia amb un bon esmorzar.<\/p>\n<p>Hav\u00edem d&#8217;agafar forces perqu\u00e8 ens esperava un mat\u00ed, calor\u00f3s i atape\u00eft d&#8217;activitats. En primer lloc hem creat un <em>notebook<\/em> personalitzat que ens ha servit per a la gimcana de la tarda i despr\u00e9s hem assajat i gravat el <em>lip dub<\/em>.<\/p>\n<p>Despr\u00e9s de dinar, hem jugat a una gimcana i\u00a0m\u00e9s tard, hem desxifrat uns codis, competint en dos grups, tot jugant a mini batalles de jocs.<\/p>\n<p>A la nit, despr\u00e9s de sopar, totes i tots cap a la disco.<\/p>\n<p>Si voleu veure&#8217;n les imatges, cliqueu <a href=\"https:\/\/photos.app.goo.gl\/StdnmiZF9LEM52GG2\" target=\"_blank\" rel=\"noopener noreferrer\">aqu\u00ed<\/a>.<\/p>\n<p>I aqu\u00ed teniu el nostre <em>lip dub<\/em>.<\/p>\n<p style=\"text-align: center;\">\n<iframe loading=\"lazy\" src=\"https:\/\/drive.google.com\/file\/d\/0B7DXefiBNuvwenBDVFU0NURQTzg\/preview\" width=\"640\" height=\"480\"><\/iframe><\/p>\n","protected":false},"excerpt":{"rendered":"<p>Avui hem comen\u00e7at el dia amb un bon esmorzar.<br \/>\nHav\u00edem d&#8217;agafar forces perqu\u00e8 ens esperava un mat\u00ed, calor\u00f3s i atape\u00eft d&#8217;activitats. En primer lloc hem creat un notebook personalitzat que ens ha servit per a la gimcana de la tarda i despr\u00e9s hem assajat i gravat&hellip;  <a href=\"https:\/\/agora.xtec.cat\/zerriuavall\/gep\/estades-linguistiques-day2\/\" title=\"Read ESTADES LING\u00dc\u00cdSTIQUES #DAY2\">Llegeix m\u00e9s\u00bb<\/a><\/p>\n","protected":false},"author":1,"featured_media":0,"comment_status":"open","ping_status":"closed","sticky":false,"template":"","format":"standard","meta":{"_bbp_topic_count":0,"_bbp_reply_count":0,"_bbp_total_topic_count":0,"_bbp_total_reply_count":0,"_bbp_voice_count":0,"_bbp_anonymous_reply_count":0,"_bbp_topic_count_hidden":0,"_bbp_reply_count_hidden":0,"_bbp_forum_subforum_count":0,"footnotes":""},"categories":[150,157,149,156,88,148],"tags":[205,209,182,113],"class_list":["post-1292","post","type-post","status-publish","format-standard","hentry","category-btm","category-btm56","category-escola-la-pineda","category-t56","category-gep","category-zer","tag-escola-bitem-2017-2018","tag-escola-bitem-angles","tag-escola-bitem-sortides","tag-2017-2018"],"post_mailing_queue_ids":[],"_links":{"self":[{"href":"https:\/\/agora.xtec.cat\/zerriuavall\/wp-json\/wp\/v2\/posts\/1292","targetHints":{"allow":["GET"]}}],"collection":[{"href":"https:\/\/agora.xtec.cat\/zerriuavall\/wp-json\/wp\/v2\/posts"}],"about":[{"href":"https:\/\/agora.xtec.cat\/zerriuavall\/wp-json\/wp\/v2\/types\/post"}],"author":[{"embeddable":true,"href":"https:\/\/agora.xtec.cat\/zerriuavall\/wp-json\/wp\/v2\/users\/1"}],"replies":[{"embeddable":true,"href":"https:\/\/agora.xtec.cat\/zerriuavall\/wp-json\/wp\/v2\/comments?post=1292"}],"version-history":[{"count":3,"href":"https:\/\/agora.xtec.cat\/zerriuavall\/wp-json\/wp\/v2\/posts\/1292\/revisions"}],"predecessor-version":[{"id":1308,"href":"https:\/\/agora.xtec.cat\/zerriuavall\/wp-json\/wp\/v2\/posts\/1292\/revisions\/1308"}],"wp:attachment":[{"href":"https:\/\/agora.xtec.cat\/zerriuavall\/wp-json\/wp\/v2\/media?parent=1292"}],"wp:term":[{"taxonomy":"category","embeddable":true,"href":"https:\/\/agora.xtec.cat\/zerriuavall\/wp-json\/wp\/v2\/categories?post=1292"},{"taxonomy":"post_tag","embeddable":true,"href":"https:\/\/agora.xtec.cat\/zerriuavall\/wp-json\/wp\/v2\/tags?post=1292"}],"curies":[{"name":"wp","href":"https:\/\/api.w.org\/{rel}","templated":true}]}}