{"id":1099,"date":"2017-05-31T14:45:47","date_gmt":"2017-05-31T12:45:47","guid":{"rendered":"http:\/\/agora.xtec.cat\/zerriuavall\/?p=1099"},"modified":"2022-08-01T19:04:49","modified_gmt":"2022-08-01T17:04:49","slug":"setmana-de-sant-jordi","status":"publish","type":"post","link":"https:\/\/agora.xtec.cat\/zerriuavall\/general\/setmana-de-sant-jordi\/","title":{"rendered":"SETMANA DE SANT JORDI"},"content":{"rendered":"<p><a href=\"https:\/\/goo.gl\/photos\/qjtWEfciAzeYFPq86\"><img loading=\"lazy\" decoding=\"async\" class=\"alignnone size-large wp-image-1102\" src=\"http:\/\/agora.xtec.cat\/zerriuavall\/wp-content\/uploads\/usu146\/2017\/05\/P1040016-1024x768-1024x768-1024x768.jpg\" alt=\"P1040016 [1024x768] [1024x768]\" width=\"1024\" height=\"768\" srcset=\"https:\/\/agora.xtec.cat\/zerriuavall\/wp-content\/uploads\/usu146\/2017\/05\/P1040016-1024x768-1024x768.jpg 1024w, https:\/\/agora.xtec.cat\/zerriuavall\/wp-content\/uploads\/usu146\/2017\/05\/P1040016-1024x768-1024x768-300x225.jpg 300w, https:\/\/agora.xtec.cat\/zerriuavall\/wp-content\/uploads\/usu146\/2017\/05\/P1040016-1024x768-1024x768-768x576.jpg 768w, https:\/\/agora.xtec.cat\/zerriuavall\/wp-content\/uploads\/usu146\/2017\/05\/P1040016-1024x768-1024x768-200x150.jpg 200w\" sizes=\"auto, (max-width: 1024px) 100vw, 1024px\" \/><\/a>Durant la setmana de Sant Jordi tots els alumnes de l&#8217;escola hem realitzat moltes i divertides activitats:<\/p>\n<p>Marc Jornet ens ha explicat contes, Ana ens ha parlat, ensenyat i ens ha fet practicar l&#8217;alfabet Braille, una actriu ens ha representat i contat la vida de Frida Kahlo.<\/p>\n<p>Durant tot el divendres \u00a0hem fet diferents tallers internivells de m\u00fasica, representaci\u00f3 de la Llegenda de Sant Jordi, de Llengua,&#8230; i tamb\u00e9 hem tingut parada de llibres.<\/p>\n<p>&nbsp;<\/p>\n","protected":false},"excerpt":{"rendered":"<p><a href=\"https:\/\/goo.gl\/photos\/qjtWEfciAzeYFPq86\"><\/a>Durant la setmana de Sant Jordi tots els alumnes de l&#8217;escola hem realitzat moltes i divertides activitats:<br \/>\nMarc Jornet ens ha explicat contes, Ana ens ha parlat, ensenyat i ens ha fet practicar l&#8217;alfabet Braille, una actriu ens ha representat i contat la vida de&hellip;  <a href=\"https:\/\/agora.xtec.cat\/zerriuavall\/general\/setmana-de-sant-jordi\/\" title=\"Read SETMANA DE SANT JORDI\">Llegeix m\u00e9s\u00bb<\/a><\/p>\n","protected":false},"author":4,"featured_media":1102,"comment_status":"open","ping_status":"closed","sticky":false,"template":"","format":"standard","meta":{"_bbp_topic_count":0,"_bbp_reply_count":0,"_bbp_total_topic_count":0,"_bbp_total_reply_count":0,"_bbp_voice_count":0,"_bbp_anonymous_reply_count":0,"_bbp_topic_count_hidden":0,"_bbp_reply_count_hidden":0,"_bbp_forum_subforum_count":0,"footnotes":""},"categories":[149,1],"tags":[80],"class_list":["post-1099","post","type-post","status-publish","format-standard","has-post-thumbnail","hentry","category-escola-la-pineda","category-general","tag-2016-2017"],"post_mailing_queue_ids":[],"_links":{"self":[{"href":"https:\/\/agora.xtec.cat\/zerriuavall\/wp-json\/wp\/v2\/posts\/1099","targetHints":{"allow":["GET"]}}],"collection":[{"href":"https:\/\/agora.xtec.cat\/zerriuavall\/wp-json\/wp\/v2\/posts"}],"about":[{"href":"https:\/\/agora.xtec.cat\/zerriuavall\/wp-json\/wp\/v2\/types\/post"}],"author":[{"embeddable":true,"href":"https:\/\/agora.xtec.cat\/zerriuavall\/wp-json\/wp\/v2\/users\/4"}],"replies":[{"embeddable":true,"href":"https:\/\/agora.xtec.cat\/zerriuavall\/wp-json\/wp\/v2\/comments?post=1099"}],"version-history":[{"count":2,"href":"https:\/\/agora.xtec.cat\/zerriuavall\/wp-json\/wp\/v2\/posts\/1099\/revisions"}],"predecessor-version":[{"id":1103,"href":"https:\/\/agora.xtec.cat\/zerriuavall\/wp-json\/wp\/v2\/posts\/1099\/revisions\/1103"}],"wp:featuredmedia":[{"embeddable":true,"href":"https:\/\/agora.xtec.cat\/zerriuavall\/wp-json\/wp\/v2\/media\/1102"}],"wp:attachment":[{"href":"https:\/\/agora.xtec.cat\/zerriuavall\/wp-json\/wp\/v2\/media?parent=1099"}],"wp:term":[{"taxonomy":"category","embeddable":true,"href":"https:\/\/agora.xtec.cat\/zerriuavall\/wp-json\/wp\/v2\/categories?post=1099"},{"taxonomy":"post_tag","embeddable":true,"href":"https:\/\/agora.xtec.cat\/zerriuavall\/wp-json\/wp\/v2\/tags?post=1099"}],"curies":[{"name":"wp","href":"https:\/\/api.w.org\/{rel}","templated":true}]}}