{"id":1076,"date":"2017-03-22T14:34:32","date_gmt":"2017-03-22T13:34:32","guid":{"rendered":"http:\/\/agora.xtec.cat\/zerriuavall\/?p=1076"},"modified":"2022-08-01T19:07:40","modified_gmt":"2022-08-01T17:07:40","slug":"certamen-de-lectura-en-veu-alta-2","status":"publish","type":"post","link":"https:\/\/agora.xtec.cat\/zerriuavall\/escola-la-pineda\/certamen-de-lectura-en-veu-alta-2\/","title":{"rendered":"CERTAMEN DE LECTURA EN VEU ALTA"},"content":{"rendered":"<p>Com tots els anys l&#8217;Escola la Pineda participa en el Certamen de Lectura en veu alta que organitza el Departament d&#8217;Ensenyament. Aquest any els alumnes que ens han representat s\u00f3n: Guillem Montolio de Cicle Mitj\u00e0 i Nerea Pi\u00f1ol de Cicle Superior.<\/p>\n<p>Moltes felicitats als dos ja que ho heu fet molt b\u00e9.<\/p>\n","protected":false},"excerpt":{"rendered":"<p>Com tots els anys l&#8217;Escola la Pineda participa en el Certamen de Lectura en veu alta que organitza el Departament d&#8217;Ensenyament. Aquest any els alumnes que ens han representat s\u00f3n: Guillem Montolio de Cicle Mitj\u00e0 i Nerea Pi\u00f1ol de Cicle Superior.<br \/>\nMoltes felicitats als dos ja&hellip;  <a href=\"https:\/\/agora.xtec.cat\/zerriuavall\/escola-la-pineda\/certamen-de-lectura-en-veu-alta-2\/\" title=\"Read CERTAMEN DE LECTURA EN VEU ALTA\">Llegeix m\u00e9s\u00bb<\/a><\/p>\n","protected":false},"author":4,"featured_media":0,"comment_status":"open","ping_status":"open","sticky":false,"template":"","format":"standard","meta":{"_bbp_topic_count":0,"_bbp_reply_count":0,"_bbp_total_topic_count":0,"_bbp_total_reply_count":0,"_bbp_voice_count":0,"_bbp_anonymous_reply_count":0,"_bbp_topic_count_hidden":0,"_bbp_reply_count_hidden":0,"_bbp_forum_subforum_count":0,"footnotes":""},"categories":[149],"tags":[80],"class_list":["post-1076","post","type-post","status-publish","format-standard","hentry","category-escola-la-pineda","tag-2016-2017"],"post_mailing_queue_ids":[],"_links":{"self":[{"href":"https:\/\/agora.xtec.cat\/zerriuavall\/wp-json\/wp\/v2\/posts\/1076","targetHints":{"allow":["GET"]}}],"collection":[{"href":"https:\/\/agora.xtec.cat\/zerriuavall\/wp-json\/wp\/v2\/posts"}],"about":[{"href":"https:\/\/agora.xtec.cat\/zerriuavall\/wp-json\/wp\/v2\/types\/post"}],"author":[{"embeddable":true,"href":"https:\/\/agora.xtec.cat\/zerriuavall\/wp-json\/wp\/v2\/users\/4"}],"replies":[{"embeddable":true,"href":"https:\/\/agora.xtec.cat\/zerriuavall\/wp-json\/wp\/v2\/comments?post=1076"}],"version-history":[{"count":2,"href":"https:\/\/agora.xtec.cat\/zerriuavall\/wp-json\/wp\/v2\/posts\/1076\/revisions"}],"predecessor-version":[{"id":3105,"href":"https:\/\/agora.xtec.cat\/zerriuavall\/wp-json\/wp\/v2\/posts\/1076\/revisions\/3105"}],"wp:attachment":[{"href":"https:\/\/agora.xtec.cat\/zerriuavall\/wp-json\/wp\/v2\/media?parent=1076"}],"wp:term":[{"taxonomy":"category","embeddable":true,"href":"https:\/\/agora.xtec.cat\/zerriuavall\/wp-json\/wp\/v2\/categories?post=1076"},{"taxonomy":"post_tag","embeddable":true,"href":"https:\/\/agora.xtec.cat\/zerriuavall\/wp-json\/wp\/v2\/tags?post=1076"}],"curies":[{"name":"wp","href":"https:\/\/api.w.org\/{rel}","templated":true}]}}