{"id":15351,"date":"2025-03-26T16:28:12","date_gmt":"2025-03-26T15:28:12","guid":{"rendered":"https:\/\/agora.xtec.cat\/zerren\/?p=15351"},"modified":"2025-07-26T12:48:43","modified_gmt":"2025-07-26T10:48:43","slug":"celebrem-el-carnaval-a-lescola-%f0%9f%8e%ad%f0%9f%8e%89","status":"publish","type":"post","link":"https:\/\/agora.xtec.cat\/zerren\/leseres\/celebrem-el-carnaval-a-lescola-%f0%9f%8e%ad%f0%9f%8e%89\/","title":{"rendered":"Celebrem el Carnaval a l\u2019Escola! \ud83c\udfad\ud83c\udf89"},"content":{"rendered":"<p data-start=\"110\" data-end=\"378\">El passat 28 de febrer vam gaudir d\u2019un <strong data-start=\"149\" data-end=\"196\">Carnaval ple d\u2019alegria, m\u00fasica i disfresses<\/strong> a la nostra escola! Aquest any, el tema del nostre projecte \u00e9s <strong data-start=\"260\" data-end=\"278\">els dinosaures<\/strong>, i per aix\u00f2 tots vam lluir disfresses inspirades en aquestes fascinants criatures prehist\u00f2riques.<\/p>\n<p data-start=\"380\" data-end=\"646\">Abans de comen\u00e7ar la rua, vam donar la benvinguda al <strong data-start=\"433\" data-end=\"453\">Rei Carnestoltes<\/strong> amb la lectura del preg\u00f3, escrit pels nens i nenes de la <strong data-start=\"511\" data-end=\"533\">comunitat de grans<\/strong> i recitat per l&#8217;Aran. Amb aquest discurs festiu, vam donar inici a la jornada carnavalesca amb molta il\u00b7lusi\u00f3!<\/p>\n<p data-start=\"648\" data-end=\"1059\">Tot seguit, vam sortir a fer la <strong data-start=\"680\" data-end=\"704\">gran rua de Carnaval<\/strong> pels carrers del poble. Gr\u00e0cies a la col\u00b7laboraci\u00f3 de l&#8217;Ajuntament, vam poder passejar el Carnestoltes i gaudir d&#8217;una animada m\u00fasica que ens va acompanyar durant tot el recorregut. A m\u00e9s, vam tenir una gran sorpresa: <strong data-start=\"922\" data-end=\"993\">moltes persones del poble ens van llen\u00e7ar caramels des dels balcons<\/strong>, fent que la rua fos encara m\u00e9s divertida i dol\u00e7a per a tothom!<\/p>\n<p data-start=\"1061\" data-end=\"1269\">Despr\u00e9s de la rua, ens esperava una <strong data-start=\"1097\" data-end=\"1114\">gran sorpresa<\/strong>: un delici\u00f3s <strong data-start=\"1128\" data-end=\"1155\">berenar ofert per l\u2019AFA<\/strong>, que ens va permetre recuperar energies i continuar gaudint de la festa en un ambient de conviv\u00e8ncia i alegria.<\/p>\n<p data-start=\"1271\" data-end=\"1540\">Volem donar les gr\u00e0cies a <strong data-start=\"1297\" data-end=\"1354\">tothom qui ha fet possible aquesta jornada tan llu\u00efda<\/strong>: alumnes, fam\u00edlies, mestres, l\u2019Ajuntament i l\u2019AFA. Sense la vostra col\u00b7laboraci\u00f3, aquesta celebraci\u00f3 no hauria estat possible. <strong data-start=\"1482\" data-end=\"1535\">Gr\u00e0cies per fer del Carnaval un dia tan especial!<\/strong> \ud83c\udf8a<\/p>\n<p data-start=\"1271\" data-end=\"1540\"><a href=\"https:\/\/agora.xtec.cat\/zerren\/wp-content\/uploads\/usu1075\/2025\/03\/Captura-de-pantalla-2025-04-11-092100yy.png\"><img loading=\"lazy\" decoding=\"async\" class=\"alignnone size-full wp-image-15457\" src=\"https:\/\/agora.xtec.cat\/zerren\/wp-content\/uploads\/usu1075\/2025\/03\/Captura-de-pantalla-2025-04-11-092100yy.png\" alt=\"\" width=\"900\" height=\"593\" srcset=\"https:\/\/agora.xtec.cat\/zerren\/wp-content\/uploads\/usu1075\/2025\/03\/Captura-de-pantalla-2025-04-11-092100yy.png 900w, https:\/\/agora.xtec.cat\/zerren\/wp-content\/uploads\/usu1075\/2025\/03\/Captura-de-pantalla-2025-04-11-092100yy-300x198.png 300w, https:\/\/agora.xtec.cat\/zerren\/wp-content\/uploads\/usu1075\/2025\/03\/Captura-de-pantalla-2025-04-11-092100yy-768x506.png 768w\" sizes=\"auto, (max-width: 900px) 100vw, 900px\" \/><\/a><\/p>\n<p data-start=\"1271\" data-end=\"1540\"><a href=\"https:\/\/agora.xtec.cat\/zerren\/wp-content\/uploads\/usu1075\/2025\/03\/Captura-de-pantalla-2025-04-11-092134yy.png\"><img loading=\"lazy\" decoding=\"async\" class=\"alignnone size-full wp-image-15458\" src=\"https:\/\/agora.xtec.cat\/zerren\/wp-content\/uploads\/usu1075\/2025\/03\/Captura-de-pantalla-2025-04-11-092134yy.png\" alt=\"\" width=\"900\" height=\"654\" srcset=\"https:\/\/agora.xtec.cat\/zerren\/wp-content\/uploads\/usu1075\/2025\/03\/Captura-de-pantalla-2025-04-11-092134yy.png 900w, https:\/\/agora.xtec.cat\/zerren\/wp-content\/uploads\/usu1075\/2025\/03\/Captura-de-pantalla-2025-04-11-092134yy-300x218.png 300w, https:\/\/agora.xtec.cat\/zerren\/wp-content\/uploads\/usu1075\/2025\/03\/Captura-de-pantalla-2025-04-11-092134yy-768x558.png 768w\" sizes=\"auto, (max-width: 900px) 100vw, 900px\" \/><\/a><\/p>\n<p data-start=\"1271\" data-end=\"1540\"><a href=\"https:\/\/agora.xtec.cat\/zerren\/wp-content\/uploads\/usu1075\/2025\/03\/Captura-de-pantalla-2025-04-11-092207yy.png\"><img loading=\"lazy\" decoding=\"async\" class=\"alignnone size-full wp-image-15459\" src=\"https:\/\/agora.xtec.cat\/zerren\/wp-content\/uploads\/usu1075\/2025\/03\/Captura-de-pantalla-2025-04-11-092207yy.png\" alt=\"\" width=\"900\" height=\"555\" srcset=\"https:\/\/agora.xtec.cat\/zerren\/wp-content\/uploads\/usu1075\/2025\/03\/Captura-de-pantalla-2025-04-11-092207yy.png 900w, https:\/\/agora.xtec.cat\/zerren\/wp-content\/uploads\/usu1075\/2025\/03\/Captura-de-pantalla-2025-04-11-092207yy-300x185.png 300w, https:\/\/agora.xtec.cat\/zerren\/wp-content\/uploads\/usu1075\/2025\/03\/Captura-de-pantalla-2025-04-11-092207yy-768x474.png 768w\" sizes=\"auto, (max-width: 900px) 100vw, 900px\" \/><\/a><\/p>\n<p data-start=\"1271\" data-end=\"1540\"><a href=\"https:\/\/agora.xtec.cat\/zerren\/wp-content\/uploads\/usu1075\/2025\/03\/Captura-de-pantalla-2025-04-11-092231yyy.png\"><img loading=\"lazy\" decoding=\"async\" class=\"alignnone size-full wp-image-15460\" src=\"https:\/\/agora.xtec.cat\/zerren\/wp-content\/uploads\/usu1075\/2025\/03\/Captura-de-pantalla-2025-04-11-092231yyy.png\" alt=\"\" width=\"700\" height=\"762\" srcset=\"https:\/\/agora.xtec.cat\/zerren\/wp-content\/uploads\/usu1075\/2025\/03\/Captura-de-pantalla-2025-04-11-092231yyy.png 700w, https:\/\/agora.xtec.cat\/zerren\/wp-content\/uploads\/usu1075\/2025\/03\/Captura-de-pantalla-2025-04-11-092231yyy-276x300.png 276w\" sizes=\"auto, (max-width: 700px) 100vw, 700px\" \/><\/a><\/p>\n<p data-start=\"1271\" data-end=\"1540\"><a href=\"https:\/\/agora.xtec.cat\/zerren\/wp-content\/uploads\/usu1075\/2025\/03\/Captura-de-pantalla-2025-04-11-092259xy.png\"><img loading=\"lazy\" decoding=\"async\" class=\"alignnone size-full wp-image-15461\" src=\"https:\/\/agora.xtec.cat\/zerren\/wp-content\/uploads\/usu1075\/2025\/03\/Captura-de-pantalla-2025-04-11-092259xy.png\" alt=\"\" width=\"700\" height=\"812\" srcset=\"https:\/\/agora.xtec.cat\/zerren\/wp-content\/uploads\/usu1075\/2025\/03\/Captura-de-pantalla-2025-04-11-092259xy.png 700w, https:\/\/agora.xtec.cat\/zerren\/wp-content\/uploads\/usu1075\/2025\/03\/Captura-de-pantalla-2025-04-11-092259xy-259x300.png 259w\" sizes=\"auto, (max-width: 700px) 100vw, 700px\" \/><\/a><\/p>\n<p><a href=\"https:\/\/agora.xtec.cat\/zerren\/wp-content\/uploads\/usu1075\/2025\/03\/IMG_3750.heic\"><img decoding=\"async\" class=\"alignnone size-full wp-image-15374\" src=\"https:\/\/agora.xtec.cat\/zerren\/wp-content\/uploads\/usu1075\/2025\/03\/IMG_3750.heic\" alt=\"\" \/><\/a><a href=\"https:\/\/agora.xtec.cat\/zerren\/wp-content\/uploads\/usu1075\/2025\/03\/IMG_3758.heic\"><img decoding=\"async\" class=\"alignnone size-full wp-image-15375\" src=\"https:\/\/agora.xtec.cat\/zerren\/wp-content\/uploads\/usu1075\/2025\/03\/IMG_3758.heic\" alt=\"\" \/><\/a><a href=\"https:\/\/agora.xtec.cat\/zerren\/wp-content\/uploads\/usu1075\/2025\/03\/IMG_3769.heic\"><img decoding=\"async\" class=\"alignnone size-full wp-image-15376\" src=\"https:\/\/agora.xtec.cat\/zerren\/wp-content\/uploads\/usu1075\/2025\/03\/IMG_3769.heic\" alt=\"\" \/><\/a><a href=\"https:\/\/agora.xtec.cat\/zerren\/wp-content\/uploads\/usu1075\/2025\/03\/IMG_3774.heic\"><img decoding=\"async\" class=\"alignnone size-full wp-image-15377\" src=\"https:\/\/agora.xtec.cat\/zerren\/wp-content\/uploads\/usu1075\/2025\/03\/IMG_3774.heic\" alt=\"\" \/><\/a><a href=\"https:\/\/agora.xtec.cat\/zerren\/wp-content\/uploads\/usu1075\/2025\/03\/IMG_3793.heic\"><img decoding=\"async\" class=\"alignnone size-full wp-image-15378\" src=\"https:\/\/agora.xtec.cat\/zerren\/wp-content\/uploads\/usu1075\/2025\/03\/IMG_3793.heic\" alt=\"\" \/><\/a><\/p>\n","protected":false},"excerpt":{"rendered":"<p>El passat 28 de febrer vam gaudir d\u2019un Carnaval ple d\u2019alegria, m\u00fasica i disfresses a la nostra escola! Aquest any, el tema del nostre projecte \u00e9s els dinosaures, i per aix\u00f2 tots vam lluir disfresses inspirades en aquestes fascinants criatures prehist\u00f2riques. Abans de comen\u00e7ar la rua, vam donar la benvinguda al Rei Carnestoltes amb la [&hellip;]<\/p>\n","protected":false},"author":9,"featured_media":15366,"comment_status":"open","ping_status":"closed","sticky":false,"template":"","format":"standard","meta":{"_bbp_topic_count":0,"_bbp_reply_count":0,"_bbp_total_topic_count":0,"_bbp_total_reply_count":0,"_bbp_voice_count":0,"_bbp_anonymous_reply_count":0,"_bbp_topic_count_hidden":0,"_bbp_reply_count_hidden":0,"_bbp_forum_subforum_count":0,"site-sidebar-layout":"no-sidebar","site-content-layout":"","ast-site-content-layout":"normal-width-container","site-content-style":"default","site-sidebar-style":"default","ast-global-header-display":"","ast-banner-title-visibility":"","ast-main-header-display":"","ast-hfb-above-header-display":"","ast-hfb-below-header-display":"","ast-hfb-mobile-header-display":"","site-post-title":"","ast-breadcrumbs-content":"","ast-featured-img":"","footer-sml-layout":"","theme-transparent-header-meta":"","adv-header-id-meta":"","stick-header-meta":"","header-above-stick-meta":"","header-main-stick-meta":"","header-below-stick-meta":"","astra-migrate-meta-layouts":"set","ast-page-background-enabled":"default","ast-page-background-meta":{"desktop":{"background-color":"var(--ast-global-color-4)","background-image":"","background-repeat":"repeat","background-position":"center center","background-size":"auto","background-attachment":"scroll","background-type":"","background-media":"","overlay-type":"","overlay-color":"","overlay-opacity":"","overlay-gradient":""},"tablet":{"background-color":"","background-image":"","background-repeat":"repeat","background-position":"center center","background-size":"auto","background-attachment":"scroll","background-type":"","background-media":"","overlay-type":"","overlay-color":"","overlay-opacity":"","overlay-gradient":""},"mobile":{"background-color":"","background-image":"","background-repeat":"repeat","background-position":"center center","background-size":"auto","background-attachment":"scroll","background-type":"","background-media":"","overlay-type":"","overlay-color":"","overlay-opacity":"","overlay-gradient":""}},"ast-content-background-meta":{"desktop":{"background-color":"var(--ast-global-color-5)","background-image":"","background-repeat":"repeat","background-position":"center center","background-size":"auto","background-attachment":"scroll","background-type":"","background-media":"","overlay-type":"","overlay-color":"","overlay-opacity":"","overlay-gradient":""},"tablet":{"background-color":"var(--ast-global-color-5)","background-image":"","background-repeat":"repeat","background-position":"center center","background-size":"auto","background-attachment":"scroll","background-type":"","background-media":"","overlay-type":"","overlay-color":"","overlay-opacity":"","overlay-gradient":""},"mobile":{"background-color":"var(--ast-global-color-5)","background-image":"","background-repeat":"repeat","background-position":"center center","background-size":"auto","background-attachment":"scroll","background-type":"","background-media":"","overlay-type":"","overlay-color":"","overlay-opacity":"","overlay-gradient":""}},"footnotes":""},"categories":[225,111,236],"tags":[],"class_list":["post-15351","post","type-post","status-publish","format-standard","has-post-thumbnail","hentry","category-curs-2425","category-leseres","category-tradicions"],"post_mailing_queue_ids":[],"_links":{"self":[{"href":"https:\/\/agora.xtec.cat\/zerren\/wp-json\/wp\/v2\/posts\/15351","targetHints":{"allow":["GET"]}}],"collection":[{"href":"https:\/\/agora.xtec.cat\/zerren\/wp-json\/wp\/v2\/posts"}],"about":[{"href":"https:\/\/agora.xtec.cat\/zerren\/wp-json\/wp\/v2\/types\/post"}],"author":[{"embeddable":true,"href":"https:\/\/agora.xtec.cat\/zerren\/wp-json\/wp\/v2\/users\/9"}],"replies":[{"embeddable":true,"href":"https:\/\/agora.xtec.cat\/zerren\/wp-json\/wp\/v2\/comments?post=15351"}],"version-history":[{"count":4,"href":"https:\/\/agora.xtec.cat\/zerren\/wp-json\/wp\/v2\/posts\/15351\/revisions"}],"predecessor-version":[{"id":15910,"href":"https:\/\/agora.xtec.cat\/zerren\/wp-json\/wp\/v2\/posts\/15351\/revisions\/15910"}],"wp:featuredmedia":[{"embeddable":true,"href":"https:\/\/agora.xtec.cat\/zerren\/wp-json\/wp\/v2\/media\/15366"}],"wp:attachment":[{"href":"https:\/\/agora.xtec.cat\/zerren\/wp-json\/wp\/v2\/media?parent=15351"}],"wp:term":[{"taxonomy":"category","embeddable":true,"href":"https:\/\/agora.xtec.cat\/zerren\/wp-json\/wp\/v2\/categories?post=15351"},{"taxonomy":"post_tag","embeddable":true,"href":"https:\/\/agora.xtec.cat\/zerren\/wp-json\/wp\/v2\/tags?post=15351"}],"curies":[{"name":"wp","href":"https:\/\/api.w.org\/{rel}","templated":true}]}}