{"id":15345,"date":"2025-03-14T09:53:04","date_gmt":"2025-03-14T08:53:04","guid":{"rendered":"https:\/\/agora.xtec.cat\/zerren\/?p=15345"},"modified":"2025-07-26T12:38:41","modified_gmt":"2025-07-26T10:38:41","slug":"celebracio-del-dia-de-les-llengues-maternes-a-lescola","status":"publish","type":"post","link":"https:\/\/agora.xtec.cat\/zerren\/leseres\/celebracio-del-dia-de-les-llengues-maternes-a-lescola\/","title":{"rendered":"Celebraci\u00f3 del &#8220;Dia de les Lleng\u00fces Maternes&#8221; a l&#8217;escola"},"content":{"rendered":"\n<p>El passat 21 de febrer, a la nostra escola vam celebrar el <strong data-start=\"184\" data-end=\"216\">Dia de les Lleng\u00fces Maternes<\/strong>, una jornada especial per posar en valor la diversitat ling\u00fc\u00edstica i cultural del nostre centre.<\/p>\n\n\n\n<p>Al mat\u00ed, vam realitzar una activitat organitzada per la mestra J\u00falia, en qu\u00e8 cada alumne va portar un petit escrit en la seva llengua materna i\/o paterna. Vam compartir aquestes lectures en grup i va ser una experi\u00e8ncia molt enriquidora, que ens va permetre con\u00e8ixer i escoltar la riquesa ling\u00fc\u00edstica que ens envolta.<\/p>\n\n\n\n<p>A la tarda, ens vam reunir amb les fam\u00edlies per continuar la celebraci\u00f3. Primer, vam llegir i cantar can\u00e7ons en les diferents lleng\u00fces maternes presents a l&#8217;escola. A continuaci\u00f3, els alumnes van presentar els plats que havien portat, explicant-ne el nom i l&#8217;origen. Finalment, vam poder gaudir d&#8217;un meravell\u00f3s tast de menjars t\u00edpics de diferents cultures, gr\u00e0cies a la col\u00b7laboraci\u00f3 de les fam\u00edlies, que ens van preparar aquests deliciosos plats casolans.<\/p>\n\n\n\n<p>Des de l\u2019escola, volem <strong data-start=\"1121\" data-end=\"1187\">agrair la participaci\u00f3 de tots els alumnes, fam\u00edlies i mestres<\/strong> que van fer possible aquest dia tan especial. La diversitat ens enriqueix i jornades com aquesta ens recorden la import\u00e0ncia de compartir i valorar totes les lleng\u00fces i cultures que conviuen a la nostra escola.<\/p>\n\n\n\n<p>Gr\u00e0cies a tothom!<\/p>\n\n\n\n<p><a href=\"https:\/\/agora.xtec.cat\/zerren\/wp-content\/uploads\/usu1075\/2025\/03\/WhatsApp-Image-2025-02-26-at-13.08.57.jpeg\"><img loading=\"lazy\" decoding=\"async\" width=\"576\" height=\"1024\" class=\"alignnone size-large wp-image-15348\" src=\"https:\/\/agora.xtec.cat\/zerren\/wp-content\/uploads\/usu1075\/2025\/03\/WhatsApp-Image-2025-02-26-at-13.08.57-576x1024.jpeg\" alt=\"\" srcset=\"https:\/\/agora.xtec.cat\/zerren\/wp-content\/uploads\/usu1075\/2025\/03\/WhatsApp-Image-2025-02-26-at-13.08.57-576x1024.jpeg 576w, https:\/\/agora.xtec.cat\/zerren\/wp-content\/uploads\/usu1075\/2025\/03\/WhatsApp-Image-2025-02-26-at-13.08.57-169x300.jpeg 169w, https:\/\/agora.xtec.cat\/zerren\/wp-content\/uploads\/usu1075\/2025\/03\/WhatsApp-Image-2025-02-26-at-13.08.57-768x1366.jpeg 768w, https:\/\/agora.xtec.cat\/zerren\/wp-content\/uploads\/usu1075\/2025\/03\/WhatsApp-Image-2025-02-26-at-13.08.57-864x1536.jpeg 864w, https:\/\/agora.xtec.cat\/zerren\/wp-content\/uploads\/usu1075\/2025\/03\/WhatsApp-Image-2025-02-26-at-13.08.57.jpeg 899w\" sizes=\"auto, (max-width: 576px) 100vw, 576px\" \/><\/a> <a href=\"https:\/\/agora.xtec.cat\/zerren\/wp-content\/uploads\/usu1075\/2025\/03\/WhatsApp-Image-2025-02-26-at-13.09.22-1.jpeg\"><img loading=\"lazy\" decoding=\"async\" width=\"1024\" height=\"576\" class=\"alignnone size-large wp-image-15347\" src=\"https:\/\/agora.xtec.cat\/zerren\/wp-content\/uploads\/usu1075\/2025\/03\/WhatsApp-Image-2025-02-26-at-13.09.22-1-1024x576.jpeg\" alt=\"\" srcset=\"https:\/\/agora.xtec.cat\/zerren\/wp-content\/uploads\/usu1075\/2025\/03\/WhatsApp-Image-2025-02-26-at-13.09.22-1-1024x576.jpeg 1024w, https:\/\/agora.xtec.cat\/zerren\/wp-content\/uploads\/usu1075\/2025\/03\/WhatsApp-Image-2025-02-26-at-13.09.22-1-300x169.jpeg 300w, https:\/\/agora.xtec.cat\/zerren\/wp-content\/uploads\/usu1075\/2025\/03\/WhatsApp-Image-2025-02-26-at-13.09.22-1-768x432.jpeg 768w, https:\/\/agora.xtec.cat\/zerren\/wp-content\/uploads\/usu1075\/2025\/03\/WhatsApp-Image-2025-02-26-at-13.09.22-1-1536x864.jpeg 1536w, https:\/\/agora.xtec.cat\/zerren\/wp-content\/uploads\/usu1075\/2025\/03\/WhatsApp-Image-2025-02-26-at-13.09.22-1.jpeg 1599w\" sizes=\"auto, (max-width: 1024px) 100vw, 1024px\" \/><\/a><\/p>\n","protected":false},"excerpt":{"rendered":"<p>El passat 21 de febrer, a la nostra escola vam celebrar el Dia de les Lleng\u00fces Maternes, una jornada especial per posar en valor la diversitat ling\u00fc\u00edstica i cultural del nostre centre. Al mat\u00ed, vam realitzar una activitat organitzada per la mestra J\u00falia, en qu\u00e8 cada alumne va portar un petit escrit en la seva [&hellip;]<\/p>\n","protected":false},"author":9,"featured_media":15346,"comment_status":"open","ping_status":"closed","sticky":false,"template":"","format":"standard","meta":{"_bbp_topic_count":0,"_bbp_reply_count":0,"_bbp_total_topic_count":0,"_bbp_total_reply_count":0,"_bbp_voice_count":0,"_bbp_anonymous_reply_count":0,"_bbp_topic_count_hidden":0,"_bbp_reply_count_hidden":0,"_bbp_forum_subforum_count":0,"site-sidebar-layout":"no-sidebar","site-content-layout":"","ast-site-content-layout":"normal-width-container","site-content-style":"default","site-sidebar-style":"default","ast-global-header-display":"","ast-banner-title-visibility":"","ast-main-header-display":"","ast-hfb-above-header-display":"","ast-hfb-below-header-display":"","ast-hfb-mobile-header-display":"","site-post-title":"","ast-breadcrumbs-content":"","ast-featured-img":"","footer-sml-layout":"","theme-transparent-header-meta":"","adv-header-id-meta":"","stick-header-meta":"","header-above-stick-meta":"","header-main-stick-meta":"","header-below-stick-meta":"","astra-migrate-meta-layouts":"set","ast-page-background-enabled":"default","ast-page-background-meta":{"desktop":{"background-color":"var(--ast-global-color-4)","background-image":"","background-repeat":"repeat","background-position":"center center","background-size":"auto","background-attachment":"scroll","background-type":"","background-media":"","overlay-type":"","overlay-color":"","overlay-opacity":"","overlay-gradient":""},"tablet":{"background-color":"","background-image":"","background-repeat":"repeat","background-position":"center center","background-size":"auto","background-attachment":"scroll","background-type":"","background-media":"","overlay-type":"","overlay-color":"","overlay-opacity":"","overlay-gradient":""},"mobile":{"background-color":"","background-image":"","background-repeat":"repeat","background-position":"center center","background-size":"auto","background-attachment":"scroll","background-type":"","background-media":"","overlay-type":"","overlay-color":"","overlay-opacity":"","overlay-gradient":""}},"ast-content-background-meta":{"desktop":{"background-color":"var(--ast-global-color-5)","background-image":"","background-repeat":"repeat","background-position":"center center","background-size":"auto","background-attachment":"scroll","background-type":"","background-media":"","overlay-type":"","overlay-color":"","overlay-opacity":"","overlay-gradient":""},"tablet":{"background-color":"var(--ast-global-color-5)","background-image":"","background-repeat":"repeat","background-position":"center center","background-size":"auto","background-attachment":"scroll","background-type":"","background-media":"","overlay-type":"","overlay-color":"","overlay-opacity":"","overlay-gradient":""},"mobile":{"background-color":"var(--ast-global-color-5)","background-image":"","background-repeat":"repeat","background-position":"center center","background-size":"auto","background-attachment":"scroll","background-type":"","background-media":"","overlay-type":"","overlay-color":"","overlay-opacity":"","overlay-gradient":""}},"footnotes":""},"categories":[235,225,111],"tags":[],"class_list":["post-15345","post","type-post","status-publish","format-standard","has-post-thumbnail","hentry","category-commemoracions","category-curs-2425","category-leseres"],"post_mailing_queue_ids":[],"_links":{"self":[{"href":"https:\/\/agora.xtec.cat\/zerren\/wp-json\/wp\/v2\/posts\/15345","targetHints":{"allow":["GET"]}}],"collection":[{"href":"https:\/\/agora.xtec.cat\/zerren\/wp-json\/wp\/v2\/posts"}],"about":[{"href":"https:\/\/agora.xtec.cat\/zerren\/wp-json\/wp\/v2\/types\/post"}],"author":[{"embeddable":true,"href":"https:\/\/agora.xtec.cat\/zerren\/wp-json\/wp\/v2\/users\/9"}],"replies":[{"embeddable":true,"href":"https:\/\/agora.xtec.cat\/zerren\/wp-json\/wp\/v2\/comments?post=15345"}],"version-history":[{"count":5,"href":"https:\/\/agora.xtec.cat\/zerren\/wp-json\/wp\/v2\/posts\/15345\/revisions"}],"predecessor-version":[{"id":16070,"href":"https:\/\/agora.xtec.cat\/zerren\/wp-json\/wp\/v2\/posts\/15345\/revisions\/16070"}],"wp:featuredmedia":[{"embeddable":true,"href":"https:\/\/agora.xtec.cat\/zerren\/wp-json\/wp\/v2\/media\/15346"}],"wp:attachment":[{"href":"https:\/\/agora.xtec.cat\/zerren\/wp-json\/wp\/v2\/media?parent=15345"}],"wp:term":[{"taxonomy":"category","embeddable":true,"href":"https:\/\/agora.xtec.cat\/zerren\/wp-json\/wp\/v2\/categories?post=15345"},{"taxonomy":"post_tag","embeddable":true,"href":"https:\/\/agora.xtec.cat\/zerren\/wp-json\/wp\/v2\/tags?post=15345"}],"curies":[{"name":"wp","href":"https:\/\/api.w.org\/{rel}","templated":true}]}}