{"id":14084,"date":"2023-11-20T15:49:34","date_gmt":"2023-11-20T14:49:34","guid":{"rendered":"https:\/\/agora.xtec.cat\/zerren\/?p=14084"},"modified":"2025-09-20T12:57:54","modified_gmt":"2025-09-20T10:57:54","slug":"celebrem-el-dia-internacional-dels-drets-dels-infants","status":"publish","type":"post","link":"https:\/\/agora.xtec.cat\/zerren\/escola-el-tormo\/celebrem-el-dia-internacional-dels-drets-dels-infants\/","title":{"rendered":"Celebrem el Dia Internacional dels Drets dels Infants"},"content":{"rendered":"<p>Avui, dia 20 de novembre, \u00e9s el Dia Internacional dels Drets dels Infants i a l&#8217;escola hem realitzat una activitat molt bonica per tal de celebrar-lo i reclamar el benestar de tots els infants del m\u00f3n.<\/p>\n<p>Tot l&#8217;alumnat de l&#8217;escola ens hem reunit en assemblea i hem format 5 grups, compostos per alumnes de les diferents comunitats. Un cop formats els grups, cadasc\u00fa tenia una imatge d&#8217;un lloc de l&#8217;escola que acostuma a aportar-nos tranquil\u00b7litat i benestar i on ens agrada anar. Cada grup havia d&#8217;adre\u00e7ar-se al lloc de la imatge per buscar un sobre, que al seu interior contenia un full en forma de p\u00e8tal de flor amb una paraula escrita. L&#8217;activitat consistia en pensar, entre tots els membres del grup, quin gest de m\u00edmica podia representar aquella paraula. Quan tots els grups hem tingut decidit el gest, ens hem reunit al punt de trobada, que era la pista de l&#8217;escola.<\/p>\n<p>All\u00e0, al centre de la pista, hem trobat un altre p\u00e8tal de flor que contenia la paraula EMPATIA. Cadascun dels grups ha representat la seva acci\u00f3, mentre la resta de grups intentaven esbrinar de quina paraula es tractava. Les paraules consistien en diferents accions que hem de dur a terme quan volem mostrar empatia cap a una altra persona i eren: ESCOLTAR, OBSERVAR, SENTIR, PENSAR i ACTUAR. A mesura que les an\u00e0vem endevinant, an\u00e0vem posant els p\u00e8tals al voltant de la paraula central i, entre tots i totes, hem muntat la flor de l&#8217;empatia.<\/p>\n<p>Per acabar la celebraci\u00f3 d&#8217;aquest dia, hem ballat i cantat la can\u00e7\u00f3 dels Drets dels Infants tots plegats a la pista.<\/p>\n\r\n\t<div class=\"slideshow_container slideshow_container_style-light\" style=\"height: 300px; \" data-slideshow-id=\"14075\" data-style-name=\"style-light\" data-style-version=\"2.3.1\" >\r\n\r\n\t\t\t\t\t<div class=\"slideshow_loading_icon\"><\/div>\r\n\t\t\r\n\t\t<div class=\"slideshow_content\" style=\"display: none;\">\r\n\r\n\t\t\t<div class=\"slideshow_view\">\r\n\t\t\t\t<div class=\"slideshow_slide slideshow_slide_image\">\r\n\t\t\t\t\t\t\t\t\t\t\t<img src=\"https:\/\/agora.xtec.cat\/zerren\/wp-content\/uploads\/usu1075\/2023\/11\/IMG_1582.jpg\" alt=\"IMG_1582\" width=\"2016\" height=\"1512\" \/>\r\n\t\t\t\t\t\t\t\t\t\t<div class=\"slideshow_description_box slideshow_transparent\">\r\n\t\t\t\t\t\t<div class=\"slideshow_title\">IMG_1582<\/div>\t\t\t\t\t\t\t\t\t\t\t<\/div>\r\n\t\t\t\t<\/div>\r\n\r\n\t\t\t\t\t\t<div style=\"clear: both;\"><\/div><\/div><div class=\"slideshow_view\">\t<div style=\"clear: both;\"><\/div><\/div><div class=\"slideshow_view\">\t<div style=\"clear: both;\"><\/div><\/div><div class=\"slideshow_view\">\t<div style=\"clear: both;\"><\/div><\/div><div class=\"slideshow_view\">\t<div style=\"clear: both;\"><\/div><\/div><div class=\"slideshow_view\">\t<div style=\"clear: both;\"><\/div><\/div><div class=\"slideshow_view\">\r\n\t\t\t\t<div class=\"slideshow_slide slideshow_slide_image\">\r\n\t\t\t\t\t\t\t\t\t\t\t<img src=\"https:\/\/agora.xtec.cat\/zerren\/wp-content\/uploads\/usu1075\/2023\/11\/IMG_1615-e1700491727672.jpg\" alt=\"IMG_1615\" width=\"1727\" height=\"943\" \/>\r\n\t\t\t\t\t\t\t\t\t\t<div class=\"slideshow_description_box slideshow_transparent\">\r\n\t\t\t\t\t\t<div class=\"slideshow_title\">IMG_1615<\/div>\t\t\t\t\t\t\t\t\t\t\t<\/div>\r\n\t\t\t\t<\/div>\r\n\r\n\t\t\t\t\t\t<div style=\"clear: both;\"><\/div><\/div><div class=\"slideshow_view\">\r\n\t\t\t\t<div class=\"slideshow_slide slideshow_slide_image\">\r\n\t\t\t\t\t\t\t\t\t\t\t<img src=\"https:\/\/agora.xtec.cat\/zerren\/wp-content\/uploads\/usu1075\/2023\/11\/IMG_1622.jpg\" alt=\"IMG_1622\" width=\"2016\" height=\"1512\" \/>\r\n\t\t\t\t\t\t\t\t\t\t<div class=\"slideshow_description_box slideshow_transparent\">\r\n\t\t\t\t\t\t<div class=\"slideshow_title\">IMG_1622<\/div>\t\t\t\t\t\t\t\t\t\t\t<\/div>\r\n\t\t\t\t<\/div>\r\n\r\n\t\t\t\t\t\t<div style=\"clear: both;\"><\/div><\/div>\r\n\t\t<\/div>\r\n\r\n\t\t<div class=\"slideshow_controlPanel slideshow_transparent\" style=\"display: none;\"><ul><li class=\"slideshow_togglePlay\" data-play-text=\"Visualitza\" data-pause-text=\"Pausa\"><\/li><\/ul><\/div>\r\n\r\n\t\t<div class=\"slideshow_button slideshow_previous slideshow_transparent\" role=\"button\" data-previous-text=\"Anterior\" style=\"display: none;\"><\/div>\r\n\t\t<div class=\"slideshow_button slideshow_next slideshow_transparent\" role=\"button\" data-next-text=\"Seg\u00fcent\" style=\"display: none;\"><\/div>\r\n\r\n\t\t<div class=\"slideshow_pagination\" style=\"display: none;\" data-go-to-text=\"V\u00e9s a la diapositiva\"><div class=\"slideshow_pagination_center\"><\/div><\/div>\r\n\r\n\t\t<!-- WordPress Slideshow Version 2.3.1 -->\r\n\r\n\t\t\t<\/div>\r\n\r\n\n","protected":false},"excerpt":{"rendered":"<p>Avui, dia 20 de novembre, \u00e9s el Dia Internacional dels Drets dels Infants i a l&#8217;escola hem realitzat una activitat molt bonica per tal de celebrar-lo i reclamar el benestar de tots els infants del m\u00f3n. Tot l&#8217;alumnat de l&#8217;escola ens hem reunit en assemblea i hem format 5 grups, compostos per alumnes de les [&hellip;]<\/p>\n","protected":false},"author":29,"featured_media":14082,"comment_status":"open","ping_status":"closed","sticky":false,"template":"","format":"standard","meta":{"_bbp_topic_count":0,"_bbp_reply_count":0,"_bbp_total_topic_count":0,"_bbp_total_reply_count":0,"_bbp_voice_count":0,"_bbp_anonymous_reply_count":0,"_bbp_topic_count_hidden":0,"_bbp_reply_count_hidden":0,"_bbp_forum_subforum_count":0,"site-sidebar-layout":"no-sidebar","site-content-layout":"","ast-site-content-layout":"normal-width-container","site-content-style":"default","site-sidebar-style":"default","ast-global-header-display":"","ast-banner-title-visibility":"","ast-main-header-display":"","ast-hfb-above-header-display":"","ast-hfb-below-header-display":"","ast-hfb-mobile-header-display":"","site-post-title":"","ast-breadcrumbs-content":"","ast-featured-img":"","footer-sml-layout":"","theme-transparent-header-meta":"","adv-header-id-meta":"","stick-header-meta":"","header-above-stick-meta":"","header-main-stick-meta":"","header-below-stick-meta":"","astra-migrate-meta-layouts":"set","ast-page-background-enabled":"default","ast-page-background-meta":{"desktop":{"background-color":"var(--ast-global-color-4)","background-image":"","background-repeat":"repeat","background-position":"center center","background-size":"auto","background-attachment":"scroll","background-type":"","background-media":"","overlay-type":"","overlay-color":"","overlay-opacity":"","overlay-gradient":""},"tablet":{"background-color":"","background-image":"","background-repeat":"repeat","background-position":"center center","background-size":"auto","background-attachment":"scroll","background-type":"","background-media":"","overlay-type":"","overlay-color":"","overlay-opacity":"","overlay-gradient":""},"mobile":{"background-color":"","background-image":"","background-repeat":"repeat","background-position":"center center","background-size":"auto","background-attachment":"scroll","background-type":"","background-media":"","overlay-type":"","overlay-color":"","overlay-opacity":"","overlay-gradient":""}},"ast-content-background-meta":{"desktop":{"background-color":"var(--ast-global-color-5)","background-image":"","background-repeat":"repeat","background-position":"center center","background-size":"auto","background-attachment":"scroll","background-type":"","background-media":"","overlay-type":"","overlay-color":"","overlay-opacity":"","overlay-gradient":""},"tablet":{"background-color":"var(--ast-global-color-5)","background-image":"","background-repeat":"repeat","background-position":"center center","background-size":"auto","background-attachment":"scroll","background-type":"","background-media":"","overlay-type":"","overlay-color":"","overlay-opacity":"","overlay-gradient":""},"mobile":{"background-color":"var(--ast-global-color-5)","background-image":"","background-repeat":"repeat","background-position":"center center","background-size":"auto","background-attachment":"scroll","background-type":"","background-media":"","overlay-type":"","overlay-color":"","overlay-opacity":"","overlay-gradient":""}},"footnotes":""},"categories":[235,222,102,180],"tags":[],"class_list":["post-14084","post","type-post","status-publish","format-standard","has-post-thumbnail","hentry","category-commemoracions","category-curs-23-24","category-escola-el-tormo","category-petits-tormo"],"post_mailing_queue_ids":[],"_links":{"self":[{"href":"https:\/\/agora.xtec.cat\/zerren\/wp-json\/wp\/v2\/posts\/14084","targetHints":{"allow":["GET"]}}],"collection":[{"href":"https:\/\/agora.xtec.cat\/zerren\/wp-json\/wp\/v2\/posts"}],"about":[{"href":"https:\/\/agora.xtec.cat\/zerren\/wp-json\/wp\/v2\/types\/post"}],"author":[{"embeddable":true,"href":"https:\/\/agora.xtec.cat\/zerren\/wp-json\/wp\/v2\/users\/29"}],"replies":[{"embeddable":true,"href":"https:\/\/agora.xtec.cat\/zerren\/wp-json\/wp\/v2\/comments?post=14084"}],"version-history":[{"count":2,"href":"https:\/\/agora.xtec.cat\/zerren\/wp-json\/wp\/v2\/posts\/14084\/revisions"}],"predecessor-version":[{"id":15941,"href":"https:\/\/agora.xtec.cat\/zerren\/wp-json\/wp\/v2\/posts\/14084\/revisions\/15941"}],"wp:featuredmedia":[{"embeddable":true,"href":"https:\/\/agora.xtec.cat\/zerren\/wp-json\/wp\/v2\/media\/14082"}],"wp:attachment":[{"href":"https:\/\/agora.xtec.cat\/zerren\/wp-json\/wp\/v2\/media?parent=14084"}],"wp:term":[{"taxonomy":"category","embeddable":true,"href":"https:\/\/agora.xtec.cat\/zerren\/wp-json\/wp\/v2\/categories?post=14084"},{"taxonomy":"post_tag","embeddable":true,"href":"https:\/\/agora.xtec.cat\/zerren\/wp-json\/wp\/v2\/tags?post=14084"}],"curies":[{"name":"wp","href":"https:\/\/api.w.org\/{rel}","templated":true}]}}