{"id":13454,"date":"2023-03-30T12:46:39","date_gmt":"2023-03-30T10:46:39","guid":{"rendered":"https:\/\/agora.xtec.cat\/zerren\/?p=13454"},"modified":"2025-09-20T11:34:56","modified_gmt":"2025-09-20T09:34:56","slug":"xv-trobada-de-la-zer-ribera-debre-nord","status":"publish","type":"post","link":"https:\/\/agora.xtec.cat\/zerren\/escola-el-tormo\/xv-trobada-de-la-zer-ribera-debre-nord\/","title":{"rendered":"XV Trobada de la ZER Ribera d&#8217;Ebre Nord"},"content":{"rendered":"<p>El passat divendres 24 de mar\u00e7 va tenir lloc a l&#8217;escola El Tormo de la Torre de l&#8217;Espanyol la XV Trobada de la ZER Ribera d&#8217;Ebre Nord, en la que ens vam reunir alumnat i mestres de les escoles El Verger (Garcia), Les Eres (Vinebre) i El Tormo (La Torre).<\/p>\n<p>Vam iniciar la trobada donant la benvinguda a tothom i fent la foto de fam\u00edlia oficial. Despr\u00e9s, cada comunitat va realitzar diferents activitats:<\/p>\n<ul>\n<li>Petits, mitjans i grans van rebre la visita de l&#8217;autor Salvador Comelles, que els va explicar detalls sobre els diferents llibres escrits per ell que hav\u00edem treballat durant les darreres setmanes.<\/li>\n<li>L&#8217;alumnat de la Comunitat de Petits va poder gaudir d&#8217;una estona de jocs i racons al pati: disfresses, joc simb\u00f2lic (cuineta, metges, nines&#8230;), construccions, cotxes i carreteres, circuits, etc.<\/li>\n<li>Pel que fa a la Comunitat de Mitjans i Comunitat de Grans van realitzar un taller de manualitats, on van poder confeccionar un clauer, i tamb\u00e9 van gaudir d&#8217;un taller anomenat &#8220;Jocs del m\u00f3n&#8221;, que es va situar a la pla\u00e7a de l&#8217;esgl\u00e9sia i que consistia en jocs tradicionals d&#8217;arreu del m\u00f3n constru\u00efts amb fusta.<\/li>\n<\/ul>\n<p>Despr\u00e9s de realitzar totes aquestes activitats, vam gaudir del dinar de germanor al pati de l&#8217;escola. En acabar, ens vam dirigir fins a la sala de la Societat del poble i all\u00e0 vam dur a terme el &#8220;Certamen de lectura en veu alta&#8221; de la ZER, on diferents alumnes i mestres van llegir petits fragments dels llibres de l&#8217;autor.<\/p>\n<p>Per acabar el dia, vam poder ballar i cantar a ritme del grup l&#8217;Eri\u00e7\u00f3 Punxegut, que va posar el punt i final a la festa.<\/p>\n<p>Va ser un dia genial on tothom va poder gaudir molt tant de les activitats realitzades com de retrobar-nos amb companys i companyes de les altres escoles de la ZER.<\/p>\n<p>Podeu veure un petit v\u00eddeo amb un recull d&#8217;imatges de la trobada clicant el seg\u00fcent enlla\u00e7:<\/p>\n<p><a href=\"https:\/\/drive.google.com\/file\/d\/177H9LZPSY6FqdszRC7HLt82gK8Td9uCK\/view?usp=sharing\">https:\/\/drive.google.com\/file\/d\/177H9LZPSY6FqdszRC7HLt82gK8Td9uCK\/view?usp=sharing<\/a><\/p>\n","protected":false},"excerpt":{"rendered":"<p>El passat divendres 24 de mar\u00e7 va tenir lloc a l&#8217;escola El Tormo de la Torre de l&#8217;Espanyol la XV Trobada de la ZER Ribera d&#8217;Ebre Nord, en la que ens vam reunir alumnat i mestres de les escoles El Verger (Garcia), Les Eres (Vinebre) i El Tormo (La Torre). Vam iniciar la trobada donant [&hellip;]<\/p>\n","protected":false},"author":29,"featured_media":16429,"comment_status":"open","ping_status":"closed","sticky":false,"template":"","format":"standard","meta":{"_bbp_topic_count":0,"_bbp_reply_count":0,"_bbp_total_topic_count":0,"_bbp_total_reply_count":0,"_bbp_voice_count":0,"_bbp_anonymous_reply_count":0,"_bbp_topic_count_hidden":0,"_bbp_reply_count_hidden":0,"_bbp_forum_subforum_count":0,"site-sidebar-layout":"no-sidebar","site-content-layout":"","ast-site-content-layout":"normal-width-container","site-content-style":"default","site-sidebar-style":"default","ast-global-header-display":"","ast-banner-title-visibility":"","ast-main-header-display":"","ast-hfb-above-header-display":"","ast-hfb-below-header-display":"","ast-hfb-mobile-header-display":"","site-post-title":"","ast-breadcrumbs-content":"","ast-featured-img":"","footer-sml-layout":"","theme-transparent-header-meta":"","adv-header-id-meta":"","stick-header-meta":"","header-above-stick-meta":"","header-main-stick-meta":"","header-below-stick-meta":"","astra-migrate-meta-layouts":"set","ast-page-background-enabled":"default","ast-page-background-meta":{"desktop":{"background-color":"var(--ast-global-color-4)","background-image":"","background-repeat":"repeat","background-position":"center center","background-size":"auto","background-attachment":"scroll","background-type":"","background-media":"","overlay-type":"","overlay-color":"","overlay-opacity":"","overlay-gradient":""},"tablet":{"background-color":"","background-image":"","background-repeat":"repeat","background-position":"center center","background-size":"auto","background-attachment":"scroll","background-type":"","background-media":"","overlay-type":"","overlay-color":"","overlay-opacity":"","overlay-gradient":""},"mobile":{"background-color":"","background-image":"","background-repeat":"repeat","background-position":"center center","background-size":"auto","background-attachment":"scroll","background-type":"","background-media":"","overlay-type":"","overlay-color":"","overlay-opacity":"","overlay-gradient":""}},"ast-content-background-meta":{"desktop":{"background-color":"var(--ast-global-color-5)","background-image":"","background-repeat":"repeat","background-position":"center center","background-size":"auto","background-attachment":"scroll","background-type":"","background-media":"","overlay-type":"","overlay-color":"","overlay-opacity":"","overlay-gradient":""},"tablet":{"background-color":"var(--ast-global-color-5)","background-image":"","background-repeat":"repeat","background-position":"center center","background-size":"auto","background-attachment":"scroll","background-type":"","background-media":"","overlay-type":"","overlay-color":"","overlay-opacity":"","overlay-gradient":""},"mobile":{"background-color":"var(--ast-global-color-5)","background-image":"","background-repeat":"repeat","background-position":"center center","background-size":"auto","background-attachment":"scroll","background-type":"","background-media":"","overlay-type":"","overlay-color":"","overlay-opacity":"","overlay-gradient":""}},"footnotes":""},"categories":[125,216,102,110,111,123],"tags":[],"class_list":["post-13454","post","type-post","status-publish","format-standard","has-post-thumbnail","hentry","category-biblioteques","category-curs-2022-23","category-escola-el-tormo","category-elverger","category-leseres","category-trobada-de-la-zer"],"post_mailing_queue_ids":[],"_links":{"self":[{"href":"https:\/\/agora.xtec.cat\/zerren\/wp-json\/wp\/v2\/posts\/13454","targetHints":{"allow":["GET"]}}],"collection":[{"href":"https:\/\/agora.xtec.cat\/zerren\/wp-json\/wp\/v2\/posts"}],"about":[{"href":"https:\/\/agora.xtec.cat\/zerren\/wp-json\/wp\/v2\/types\/post"}],"author":[{"embeddable":true,"href":"https:\/\/agora.xtec.cat\/zerren\/wp-json\/wp\/v2\/users\/29"}],"replies":[{"embeddable":true,"href":"https:\/\/agora.xtec.cat\/zerren\/wp-json\/wp\/v2\/comments?post=13454"}],"version-history":[{"count":3,"href":"https:\/\/agora.xtec.cat\/zerren\/wp-json\/wp\/v2\/posts\/13454\/revisions"}],"predecessor-version":[{"id":16430,"href":"https:\/\/agora.xtec.cat\/zerren\/wp-json\/wp\/v2\/posts\/13454\/revisions\/16430"}],"wp:featuredmedia":[{"embeddable":true,"href":"https:\/\/agora.xtec.cat\/zerren\/wp-json\/wp\/v2\/media\/16429"}],"wp:attachment":[{"href":"https:\/\/agora.xtec.cat\/zerren\/wp-json\/wp\/v2\/media?parent=13454"}],"wp:term":[{"taxonomy":"category","embeddable":true,"href":"https:\/\/agora.xtec.cat\/zerren\/wp-json\/wp\/v2\/categories?post=13454"},{"taxonomy":"post_tag","embeddable":true,"href":"https:\/\/agora.xtec.cat\/zerren\/wp-json\/wp\/v2\/tags?post=13454"}],"curies":[{"name":"wp","href":"https:\/\/api.w.org\/{rel}","templated":true}]}}