{"id":10079,"date":"2019-03-21T10:36:32","date_gmt":"2019-03-21T09:36:32","guid":{"rendered":"http:\/\/agora.xtec.cat\/zerren\/?p=10079"},"modified":"2025-09-08T20:41:10","modified_gmt":"2025-09-08T18:41:10","slug":"alumnes-de-cs-de-garcia-la-trobada","status":"publish","type":"post","link":"https:\/\/agora.xtec.cat\/zerren\/escola-el-tormo\/alumnes-de-cs-de-garcia-la-trobada\/","title":{"rendered":"Alumnes de CS de Garcia: La Trobada"},"content":{"rendered":"<p>El divendres 8 de febrer, l\u2019alumnat de la ZER, varem anar a Vinebre per retrobar-nos un any m\u00e9s.<br \/>\nQuan vam arribar ens van donar la benvinguda, ens vam fer la foto i l\u2019escola de Vinebre ens va convidar a esmorzar coc amb xocolata.<br \/>\nDe 10:00 a 13:00, vam fer diferents activitats: trobada liter\u00e0ria amb l\u2019escriptora Gemma Armengol, taller de jocs, C\u00fapula Gustum, visita al celler Anjub i visita a l\u2019exposici\u00f3 de joguines antigues a ca Don Joan.<br \/>\nDespr\u00e9s de les activitats, varem anar a dinar als \u201cbarracons\u201d del costat de l\u2019escola. Ens van regalar pica-pica, i un gelat ben bo!!!!!!! I quan varem acabar, ens van deixar jugar una estona.<br \/>\nSeguidament vam anar a la sala del cine del poble, on varem fer el certamen de lectura en veu alta. Els alumnes d\u2019educaci\u00f3 infantil van fer un powerpoint amb els dibuixos del conte que van llegir \u201cEl gos Bernat\u201d, i despr\u00e9s un alumne de cada cicle va llegir un fragment del llibre que havien treballat, els de Garcia van ser: CI, la Vinyet llegint un fragment del conte \u201cEl pet\u00f3 de l\u2019Antonieta\u201d, de CM la Nayara amb el llibre \u201cEl dia que el metro se\u2019ns va empassar\u201d i de CS la Jana amb el llibre \u201cCosa de bruixes\u201d.<br \/>\nEn acabar vam ballar una estona, ens van regalar el record: una carpeta.<br \/>\nVa ser un dia fant\u00e0stic perqu\u00e8 un any m\u00e9s ens vam reunir les tres escoles i vam compartir moltes experi\u00e8ncies!<\/p>\n<p>Alumnat de cicle superior de Garcia.<br \/>\n\r\n\t<div class=\"slideshow_container slideshow_container_style-light\" style=\"height: 300px; \" data-slideshow-id=\"10089\" data-style-name=\"style-light\" data-style-version=\"2.3.1\" >\r\n\r\n\t\t\t\t\t<div class=\"slideshow_loading_icon\"><\/div>\r\n\t\t\r\n\t\t<div class=\"slideshow_content\" style=\"display: none;\">\r\n\r\n\t\t\t<div class=\"slideshow_view\">\r\n\t\t\t\t<div class=\"slideshow_slide slideshow_slide_image\">\r\n\t\t\t\t\t\t\t\t\t\t\t<img src=\"https:\/\/agora.xtec.cat\/zerren\/wp-content\/uploads\/usu1075\/2019\/03\/IMG-2180JPG.jpg\" alt=\"IMG-2180JPG\" width=\"2016\" height=\"1512\" \/>\r\n\t\t\t\t\t\t\t\t\t\t<div class=\"slideshow_description_box slideshow_transparent\">\r\n\t\t\t\t\t\t<div class=\"slideshow_title\">IMG-2180JPG<\/div>\t\t\t\t\t\t\t\t\t\t\t<\/div>\r\n\t\t\t\t<\/div>\r\n\r\n\t\t\t\t\t\t<div style=\"clear: both;\"><\/div><\/div>\r\n\t\t<\/div>\r\n\r\n\t\t<div class=\"slideshow_controlPanel slideshow_transparent\" style=\"display: none;\"><ul><li class=\"slideshow_togglePlay\" data-play-text=\"Visualitza\" data-pause-text=\"Pausa\"><\/li><\/ul><\/div>\r\n\r\n\t\t<div class=\"slideshow_button slideshow_previous slideshow_transparent\" role=\"button\" data-previous-text=\"Anterior\" style=\"display: none;\"><\/div>\r\n\t\t<div class=\"slideshow_button slideshow_next slideshow_transparent\" role=\"button\" data-next-text=\"Seg\u00fcent\" style=\"display: none;\"><\/div>\r\n\r\n\t\t<div class=\"slideshow_pagination\" style=\"display: none;\" data-go-to-text=\"V\u00e9s a la diapositiva\"><div class=\"slideshow_pagination_center\"><\/div><\/div>\r\n\r\n\t\t<!-- WordPress Slideshow Version 2.3.1 -->\r\n\r\n\t\t\t<\/div>\r\n\r\n<\/p>\n","protected":false},"excerpt":{"rendered":"<p>El divendres 8 de febrer, l\u2019alumnat de la ZER, varem anar a Vinebre per retrobar-nos un any m\u00e9s. Quan vam arribar ens van donar la benvinguda, ens vam fer la foto i l\u2019escola de Vinebre ens va convidar a esmorzar coc amb xocolata. De 10:00 a 13:00, vam fer diferents activitats: trobada liter\u00e0ria amb l\u2019escriptora [&hellip;]<\/p>\n","protected":false},"author":1,"featured_media":10082,"comment_status":"open","ping_status":"closed","sticky":false,"template":"","format":"standard","meta":{"_bbp_topic_count":0,"_bbp_reply_count":0,"_bbp_total_topic_count":0,"_bbp_total_reply_count":0,"_bbp_voice_count":0,"_bbp_anonymous_reply_count":0,"_bbp_topic_count_hidden":0,"_bbp_reply_count_hidden":0,"_bbp_forum_subforum_count":0,"site-sidebar-layout":"no-sidebar","site-content-layout":"","ast-site-content-layout":"normal-width-container","site-content-style":"default","site-sidebar-style":"default","ast-global-header-display":"","ast-banner-title-visibility":"","ast-main-header-display":"","ast-hfb-above-header-display":"","ast-hfb-below-header-display":"","ast-hfb-mobile-header-display":"","site-post-title":"","ast-breadcrumbs-content":"","ast-featured-img":"","footer-sml-layout":"","theme-transparent-header-meta":"","adv-header-id-meta":"","stick-header-meta":"","header-above-stick-meta":"","header-main-stick-meta":"","header-below-stick-meta":"","astra-migrate-meta-layouts":"set","ast-page-background-enabled":"default","ast-page-background-meta":{"desktop":{"background-color":"var(--ast-global-color-4)","background-image":"","background-repeat":"repeat","background-position":"center center","background-size":"auto","background-attachment":"scroll","background-type":"","background-media":"","overlay-type":"","overlay-color":"","overlay-opacity":"","overlay-gradient":""},"tablet":{"background-color":"","background-image":"","background-repeat":"repeat","background-position":"center center","background-size":"auto","background-attachment":"scroll","background-type":"","background-media":"","overlay-type":"","overlay-color":"","overlay-opacity":"","overlay-gradient":""},"mobile":{"background-color":"","background-image":"","background-repeat":"repeat","background-position":"center center","background-size":"auto","background-attachment":"scroll","background-type":"","background-media":"","overlay-type":"","overlay-color":"","overlay-opacity":"","overlay-gradient":""}},"ast-content-background-meta":{"desktop":{"background-color":"var(--ast-global-color-5)","background-image":"","background-repeat":"repeat","background-position":"center center","background-size":"auto","background-attachment":"scroll","background-type":"","background-media":"","overlay-type":"","overlay-color":"","overlay-opacity":"","overlay-gradient":""},"tablet":{"background-color":"var(--ast-global-color-5)","background-image":"","background-repeat":"repeat","background-position":"center center","background-size":"auto","background-attachment":"scroll","background-type":"","background-media":"","overlay-type":"","overlay-color":"","overlay-opacity":"","overlay-gradient":""},"mobile":{"background-color":"var(--ast-global-color-5)","background-image":"","background-repeat":"repeat","background-position":"center center","background-size":"auto","background-attachment":"scroll","background-type":"","background-media":"","overlay-type":"","overlay-color":"","overlay-opacity":"","overlay-gradient":""}},"footnotes":""},"categories":[125,201,102,110,111,123],"tags":[],"class_list":["post-10079","post","type-post","status-publish","format-standard","has-post-thumbnail","hentry","category-biblioteques","category-curs-2018-19","category-escola-el-tormo","category-elverger","category-leseres","category-trobada-de-la-zer"],"post_mailing_queue_ids":[],"_links":{"self":[{"href":"https:\/\/agora.xtec.cat\/zerren\/wp-json\/wp\/v2\/posts\/10079","targetHints":{"allow":["GET"]}}],"collection":[{"href":"https:\/\/agora.xtec.cat\/zerren\/wp-json\/wp\/v2\/posts"}],"about":[{"href":"https:\/\/agora.xtec.cat\/zerren\/wp-json\/wp\/v2\/types\/post"}],"author":[{"embeddable":true,"href":"https:\/\/agora.xtec.cat\/zerren\/wp-json\/wp\/v2\/users\/1"}],"replies":[{"embeddable":true,"href":"https:\/\/agora.xtec.cat\/zerren\/wp-json\/wp\/v2\/comments?post=10079"}],"version-history":[{"count":4,"href":"https:\/\/agora.xtec.cat\/zerren\/wp-json\/wp\/v2\/posts\/10079\/revisions"}],"predecessor-version":[{"id":16328,"href":"https:\/\/agora.xtec.cat\/zerren\/wp-json\/wp\/v2\/posts\/10079\/revisions\/16328"}],"wp:featuredmedia":[{"embeddable":true,"href":"https:\/\/agora.xtec.cat\/zerren\/wp-json\/wp\/v2\/media\/10082"}],"wp:attachment":[{"href":"https:\/\/agora.xtec.cat\/zerren\/wp-json\/wp\/v2\/media?parent=10079"}],"wp:term":[{"taxonomy":"category","embeddable":true,"href":"https:\/\/agora.xtec.cat\/zerren\/wp-json\/wp\/v2\/categories?post=10079"},{"taxonomy":"post_tag","embeddable":true,"href":"https:\/\/agora.xtec.cat\/zerren\/wp-json\/wp\/v2\/tags?post=10079"}],"curies":[{"name":"wp","href":"https:\/\/api.w.org\/{rel}","templated":true}]}}