{"id":5676,"date":"2026-04-24T11:51:19","date_gmt":"2026-04-24T09:51:19","guid":{"rendered":"https:\/\/agora.xtec.cat\/zerpallarsjussa\/?p=5676"},"modified":"2026-04-24T11:51:19","modified_gmt":"2026-04-24T09:51:19","slug":"sant-jordi-a-la-vall-fosca","status":"publish","type":"post","link":"https:\/\/agora.xtec.cat\/zerpallarsjussa\/noticies\/sant-jordi-a-la-vall-fosca\/","title":{"rendered":"SANT JORDI A LA VALL FOSCA"},"content":{"rendered":"<p style=\"text-align: justify;\" data-start=\"75\" data-end=\"435\"><strong>Dijous 23 d\u2019abril,<\/strong> tal com marca la tradici\u00f3, <span style=\"color: #ff0000;\"><strong>a l\u2019escola vam celebrar la diada de Sant Jordi<\/strong><\/span>, una de les festes m\u00e9s estimades del nostre calendari. \u00c9s un dia molt especial que posa en valor la cultura, la llengua i l\u2019amor pels llibres.<\/p>\n<p style=\"text-align: justify;\" data-start=\"437\" data-end=\"742\"><strong>Celebrar Sant Jordi a l\u2019escola \u00e9s important<\/strong> perqu\u00e8 ens connecta amb les nostres arrels culturals i ens permet transmetre als infants el valor de la literatura i de la paraula. A m\u00e9s, \u00e9s una jornada que afavoreix la conviv\u00e8ncia, la col\u00b7laboraci\u00f3 i l\u2019aprenentatge compartit entre alumnes de diferents edats.<a href=\"https:\/\/agora.xtec.cat\/zerpallarsjussa\/wp-content\/uploads\/usu576\/2026\/04\/2.jpg\"><img loading=\"lazy\" decoding=\"async\" class=\"wp-image-5679 alignright\" src=\"https:\/\/agora.xtec.cat\/zerpallarsjussa\/wp-content\/uploads\/usu576\/2026\/04\/2-1024x691.jpg\" alt=\"\" width=\"298\" height=\"201\" srcset=\"https:\/\/agora.xtec.cat\/zerpallarsjussa\/wp-content\/uploads\/usu576\/2026\/04\/2-1024x691.jpg 1024w, https:\/\/agora.xtec.cat\/zerpallarsjussa\/wp-content\/uploads\/usu576\/2026\/04\/2-300x203.jpg 300w, https:\/\/agora.xtec.cat\/zerpallarsjussa\/wp-content\/uploads\/usu576\/2026\/04\/2-768x518.jpg 768w, https:\/\/agora.xtec.cat\/zerpallarsjussa\/wp-content\/uploads\/usu576\/2026\/04\/2-1536x1037.jpg 1536w, https:\/\/agora.xtec.cat\/zerpallarsjussa\/wp-content\/uploads\/usu576\/2026\/04\/2.jpg 2013w\" sizes=\"auto, (max-width: 298px) 100vw, 298px\" \/><\/a><\/p>\n<p style=\"text-align: justify;\" data-start=\"744\" data-end=\"935\">Al llarg del mat\u00ed, els infants d&#8217;infantil i prim\u00e0ria va participar en <strong>tres tallers<\/strong> organitzats de manera intergeneracional, en els quals van fer teatre, jocs de llengua i una manualitat.<\/p>\n<p style=\"text-align: justify;\"><span style=\"font-size: 16px;\">A la tarda, la jornada va continuar amb el tradicional concurs d\u2019escriptura <\/span><strong style=\"font-size: 16px;\" data-start=\"1275\" data-end=\"1292\">Joan Gelabert<\/strong><span style=\"font-size: 16px;\">, en qu\u00e8 els alumnes van demostrar el seu talent literari i la seva imaginaci\u00f3.<\/span><\/p>\n<p style=\"text-align: justify;\"><a href=\"https:\/\/agora.xtec.cat\/zerpallarsjussa\/wp-content\/uploads\/usu576\/2026\/04\/1.jpg\"><img loading=\"lazy\" decoding=\"async\" class=\"alignnone  wp-image-5680\" src=\"https:\/\/agora.xtec.cat\/zerpallarsjussa\/wp-content\/uploads\/usu576\/2026\/04\/1-1024x600.jpg\" alt=\"\" width=\"449\" height=\"263\" srcset=\"https:\/\/agora.xtec.cat\/zerpallarsjussa\/wp-content\/uploads\/usu576\/2026\/04\/1-1024x600.jpg 1024w, https:\/\/agora.xtec.cat\/zerpallarsjussa\/wp-content\/uploads\/usu576\/2026\/04\/1-300x176.jpg 300w, https:\/\/agora.xtec.cat\/zerpallarsjussa\/wp-content\/uploads\/usu576\/2026\/04\/1-768x450.jpg 768w, https:\/\/agora.xtec.cat\/zerpallarsjussa\/wp-content\/uploads\/usu576\/2026\/04\/1-1536x899.jpg 1536w, https:\/\/agora.xtec.cat\/zerpallarsjussa\/wp-content\/uploads\/usu576\/2026\/04\/1-2048x1199.jpg 2048w\" sizes=\"auto, (max-width: 449px) 100vw, 449px\" \/><\/a><\/p>\n<p style=\"text-align: justify;\" data-start=\"1373\" data-end=\"1529\" data-is-last-node=\"\" data-is-only-node=\"\">Va ser un dia ple d\u2019activitats, il\u00b7lusi\u00f3 i aprenentatge compartit que, un cop m\u00e9s, ens recorda la import\u00e0ncia de mantenir vives les nostres tradicions.<\/p>\n<p style=\"text-align: justify;\" data-start=\"1373\" data-end=\"1529\" data-is-last-node=\"\" data-is-only-node=\"\"><a href=\"https:\/\/drive.google.com\/drive\/folders\/1MpeHdX83-nPRbHaOdIFVlTKP3rjYVjf8\">Aqu\u00ed teniu l\u2019enlla\u00e7 per veure les fotos de la jornada!<\/a><\/p>\n","protected":false},"excerpt":{"rendered":"<p>Dijous 23 d\u2019abril, tal com marca la tradici\u00f3, a l\u2019escola vam celebrar la diada de Sant Jordi, una de les festes m\u00e9s estimades del nostre calendari. \u00c9s un dia molt especial que posa en valor la cultura, la llengua i l\u2019amor pels llibres. Celebrar Sant Jordi a l\u2019escola \u00e9s important perqu\u00e8 ens connecta amb les [&hellip;]<\/p>\n","protected":false},"author":39,"featured_media":5678,"comment_status":"open","ping_status":"open","sticky":false,"template":"","format":"standard","meta":{"_bbp_topic_count":0,"_bbp_reply_count":0,"_bbp_total_topic_count":0,"_bbp_total_reply_count":0,"_bbp_voice_count":0,"_bbp_anonymous_reply_count":0,"_bbp_topic_count_hidden":0,"_bbp_reply_count_hidden":0,"_bbp_forum_subforum_count":0,"site-sidebar-layout":"default","site-content-layout":"","ast-site-content-layout":"default","site-content-style":"default","site-sidebar-style":"default","ast-global-header-display":"","ast-banner-title-visibility":"","ast-main-header-display":"","ast-hfb-above-header-display":"","ast-hfb-below-header-display":"","ast-hfb-mobile-header-display":"","site-post-title":"","ast-breadcrumbs-content":"","ast-featured-img":"","footer-sml-layout":"","theme-transparent-header-meta":"default","adv-header-id-meta":"","stick-header-meta":"","header-above-stick-meta":"","header-main-stick-meta":"","header-below-stick-meta":"","astra-migrate-meta-layouts":"set","ast-page-background-enabled":"default","ast-page-background-meta":{"desktop":{"background-color":"var(--ast-global-color-4)","background-image":"","background-repeat":"repeat","background-position":"center center","background-size":"auto","background-attachment":"scroll","background-type":"","background-media":"","overlay-type":"","overlay-color":"","overlay-opacity":"","overlay-gradient":""},"tablet":{"background-color":"","background-image":"","background-repeat":"repeat","background-position":"center center","background-size":"auto","background-attachment":"scroll","background-type":"","background-media":"","overlay-type":"","overlay-color":"","overlay-opacity":"","overlay-gradient":""},"mobile":{"background-color":"","background-image":"","background-repeat":"repeat","background-position":"center center","background-size":"auto","background-attachment":"scroll","background-type":"","background-media":"","overlay-type":"","overlay-color":"","overlay-opacity":"","overlay-gradient":""}},"ast-content-background-meta":{"desktop":{"background-color":"var(--ast-global-color-5)","background-image":"","background-repeat":"repeat","background-position":"center center","background-size":"auto","background-attachment":"scroll","background-type":"","background-media":"","overlay-type":"","overlay-color":"","overlay-opacity":"","overlay-gradient":""},"tablet":{"background-color":"var(--ast-global-color-5)","background-image":"","background-repeat":"repeat","background-position":"center center","background-size":"auto","background-attachment":"scroll","background-type":"","background-media":"","overlay-type":"","overlay-color":"","overlay-opacity":"","overlay-gradient":""},"mobile":{"background-color":"var(--ast-global-color-5)","background-image":"","background-repeat":"repeat","background-position":"center center","background-size":"auto","background-attachment":"scroll","background-type":"","background-media":"","overlay-type":"","overlay-color":"","overlay-opacity":"","overlay-gradient":""}},"footnotes":""},"categories":[1],"tags":[],"class_list":["post-5676","post","type-post","status-publish","format-standard","has-post-thumbnail","hentry","category-noticies"],"post_mailing_queue_ids":[],"_links":{"self":[{"href":"https:\/\/agora.xtec.cat\/zerpallarsjussa\/wp-json\/wp\/v2\/posts\/5676","targetHints":{"allow":["GET"]}}],"collection":[{"href":"https:\/\/agora.xtec.cat\/zerpallarsjussa\/wp-json\/wp\/v2\/posts"}],"about":[{"href":"https:\/\/agora.xtec.cat\/zerpallarsjussa\/wp-json\/wp\/v2\/types\/post"}],"author":[{"embeddable":true,"href":"https:\/\/agora.xtec.cat\/zerpallarsjussa\/wp-json\/wp\/v2\/users\/39"}],"replies":[{"embeddable":true,"href":"https:\/\/agora.xtec.cat\/zerpallarsjussa\/wp-json\/wp\/v2\/comments?post=5676"}],"version-history":[{"count":1,"href":"https:\/\/agora.xtec.cat\/zerpallarsjussa\/wp-json\/wp\/v2\/posts\/5676\/revisions"}],"predecessor-version":[{"id":5681,"href":"https:\/\/agora.xtec.cat\/zerpallarsjussa\/wp-json\/wp\/v2\/posts\/5676\/revisions\/5681"}],"wp:featuredmedia":[{"embeddable":true,"href":"https:\/\/agora.xtec.cat\/zerpallarsjussa\/wp-json\/wp\/v2\/media\/5678"}],"wp:attachment":[{"href":"https:\/\/agora.xtec.cat\/zerpallarsjussa\/wp-json\/wp\/v2\/media?parent=5676"}],"wp:term":[{"taxonomy":"category","embeddable":true,"href":"https:\/\/agora.xtec.cat\/zerpallarsjussa\/wp-json\/wp\/v2\/categories?post=5676"},{"taxonomy":"post_tag","embeddable":true,"href":"https:\/\/agora.xtec.cat\/zerpallarsjussa\/wp-json\/wp\/v2\/tags?post=5676"}],"curies":[{"name":"wp","href":"https:\/\/api.w.org\/{rel}","templated":true}]}}