{"id":5613,"date":"2026-03-13T09:00:24","date_gmt":"2026-03-13T08:00:24","guid":{"rendered":"https:\/\/agora.xtec.cat\/zerpallarsjussa\/?p=5613"},"modified":"2026-03-13T00:16:24","modified_gmt":"2026-03-12T23:16:24","slug":"jo-soc-8-de-marc","status":"publish","type":"post","link":"https:\/\/agora.xtec.cat\/zerpallarsjussa\/noticies\/jo-soc-8-de-marc\/","title":{"rendered":"JO S\u00d3C: 8 de mar\u00e7"},"content":{"rendered":"<p style=\"text-align: center;\"><a href=\"https:\/\/agora.xtec.cat\/zerpallarsjussa\/wp-content\/uploads\/usu576\/2026\/03\/16c97ae5-0650-44ec-a589-e47984b267f7.jpg\"><img loading=\"lazy\" decoding=\"async\" class=\"aligncenter size-large wp-image-5614\" src=\"https:\/\/agora.xtec.cat\/zerpallarsjussa\/wp-content\/uploads\/usu576\/2026\/03\/16c97ae5-0650-44ec-a589-e47984b267f7-1024x467.jpg\" alt=\"\" width=\"1024\" height=\"467\" srcset=\"https:\/\/agora.xtec.cat\/zerpallarsjussa\/wp-content\/uploads\/usu576\/2026\/03\/16c97ae5-0650-44ec-a589-e47984b267f7-1024x467.jpg 1024w, https:\/\/agora.xtec.cat\/zerpallarsjussa\/wp-content\/uploads\/usu576\/2026\/03\/16c97ae5-0650-44ec-a589-e47984b267f7-300x137.jpg 300w, https:\/\/agora.xtec.cat\/zerpallarsjussa\/wp-content\/uploads\/usu576\/2026\/03\/16c97ae5-0650-44ec-a589-e47984b267f7-768x350.jpg 768w, https:\/\/agora.xtec.cat\/zerpallarsjussa\/wp-content\/uploads\/usu576\/2026\/03\/16c97ae5-0650-44ec-a589-e47984b267f7-1536x701.jpg 1536w, https:\/\/agora.xtec.cat\/zerpallarsjussa\/wp-content\/uploads\/usu576\/2026\/03\/16c97ae5-0650-44ec-a589-e47984b267f7.jpg 1600w\" sizes=\"auto, (max-width: 1024px) 100vw, 1024px\" \/><\/a><\/p>\n<p style=\"text-align: center;\"><em>A l\u2019atzar agraeixo tres dons: haver nascut dona,<\/em><br class=\"blank\" \/><em>de classe baixa i naci\u00f3 oprimida.<\/em><br class=\"blank\" \/><em>I el t\u00e8rbol atzur de ser tres voltes rebel.<\/em><\/p>\n<p style=\"text-align: center;\">Maria-Merc\u00e8 Mar\u00e7al<\/p>\n<p>Aquestes s\u00f3n algunes de les paraules que vam recordar respecte el passat dia 8 de mar\u00e7, a m\u00e9s del fet de recordar(nos) que totes i tots som i podem ser el que volguem, com ens recorda aquest mural col\u00b7laboratiu que ens acompanya a l&#8217;escola. Per altra banda, el divendres passat, gr\u00e0cies als alumnes de cicle superior, vam poder gaudir d&#8217;uns contacontes molt interessants durant el temps d&#8217;apadrinament lector amb contes sobre la tem\u00e0tica del dia de la dona. Ens van encantar! I, a m\u00e9s, es van preparar preguntes sobre el conte perqu\u00e8 totes i tots pogu\u00e9ssim reflexionar sobre el seu missatge. Tamb\u00e9, durant aquests dies hem estat treballant a l&#8217;aula el perqu\u00e8 de la reivindicaci\u00f3 d&#8217;aquest dia i donant valor a la figura de la dona en tots els \u00e0mbits. Podeu veure algunes fotos de les activitats <a href=\"https:\/\/drive.google.com\/drive\/folders\/1LbZfmnRs8RqhkY4iN8PT1zwrHDLsdUcR?dmr=1&amp;ec=wgc-drive-globalnav-goto\">aqu\u00ed.<\/a><\/p>\n<p>&nbsp;<\/p>\n","protected":false},"excerpt":{"rendered":"<p>A l\u2019atzar agraeixo tres dons: haver nascut dona,de classe baixa i naci\u00f3 oprimida.I el t\u00e8rbol atzur de ser tres voltes rebel. Maria-Merc\u00e8 Mar\u00e7al Aquestes s\u00f3n algunes de les paraules que vam recordar respecte el passat dia 8 de mar\u00e7, a m\u00e9s del fet de recordar(nos) que totes i tots som i podem ser el que [&hellip;]<\/p>\n","protected":false},"author":40,"featured_media":5614,"comment_status":"open","ping_status":"open","sticky":false,"template":"","format":"standard","meta":{"_bbp_topic_count":0,"_bbp_reply_count":0,"_bbp_total_topic_count":0,"_bbp_total_reply_count":0,"_bbp_voice_count":0,"_bbp_anonymous_reply_count":0,"_bbp_topic_count_hidden":0,"_bbp_reply_count_hidden":0,"_bbp_forum_subforum_count":0,"site-sidebar-layout":"default","site-content-layout":"","ast-site-content-layout":"default","site-content-style":"default","site-sidebar-style":"default","ast-global-header-display":"","ast-banner-title-visibility":"","ast-main-header-display":"","ast-hfb-above-header-display":"","ast-hfb-below-header-display":"","ast-hfb-mobile-header-display":"","site-post-title":"","ast-breadcrumbs-content":"","ast-featured-img":"","footer-sml-layout":"","theme-transparent-header-meta":"default","adv-header-id-meta":"","stick-header-meta":"","header-above-stick-meta":"","header-main-stick-meta":"","header-below-stick-meta":"","astra-migrate-meta-layouts":"set","ast-page-background-enabled":"default","ast-page-background-meta":{"desktop":{"background-color":"var(--ast-global-color-4)","background-image":"","background-repeat":"repeat","background-position":"center center","background-size":"auto","background-attachment":"scroll","background-type":"","background-media":"","overlay-type":"","overlay-color":"","overlay-opacity":"","overlay-gradient":""},"tablet":{"background-color":"","background-image":"","background-repeat":"repeat","background-position":"center center","background-size":"auto","background-attachment":"scroll","background-type":"","background-media":"","overlay-type":"","overlay-color":"","overlay-opacity":"","overlay-gradient":""},"mobile":{"background-color":"","background-image":"","background-repeat":"repeat","background-position":"center center","background-size":"auto","background-attachment":"scroll","background-type":"","background-media":"","overlay-type":"","overlay-color":"","overlay-opacity":"","overlay-gradient":""}},"ast-content-background-meta":{"desktop":{"background-color":"var(--ast-global-color-5)","background-image":"","background-repeat":"repeat","background-position":"center center","background-size":"auto","background-attachment":"scroll","background-type":"","background-media":"","overlay-type":"","overlay-color":"","overlay-opacity":"","overlay-gradient":""},"tablet":{"background-color":"var(--ast-global-color-5)","background-image":"","background-repeat":"repeat","background-position":"center center","background-size":"auto","background-attachment":"scroll","background-type":"","background-media":"","overlay-type":"","overlay-color":"","overlay-opacity":"","overlay-gradient":""},"mobile":{"background-color":"var(--ast-global-color-5)","background-image":"","background-repeat":"repeat","background-position":"center center","background-size":"auto","background-attachment":"scroll","background-type":"","background-media":"","overlay-type":"","overlay-color":"","overlay-opacity":"","overlay-gradient":""}},"footnotes":""},"categories":[63,64,67,78,68,121,1,29],"tags":[],"class_list":["post-5613","post","type-post","status-publish","format-standard","has-post-thumbnail","hentry","category-cicle-inicial","category-3r-i-4t-escola-la-vall-fosca","category-5e-i-6e-escola-la-vall-fosca","category-escola-bressol-la-vall-fosca","category-escola-la-vall-fosca","category-infantil-escola-la-vall-fosca","category-noticies","category-portada"],"post_mailing_queue_ids":[],"_links":{"self":[{"href":"https:\/\/agora.xtec.cat\/zerpallarsjussa\/wp-json\/wp\/v2\/posts\/5613","targetHints":{"allow":["GET"]}}],"collection":[{"href":"https:\/\/agora.xtec.cat\/zerpallarsjussa\/wp-json\/wp\/v2\/posts"}],"about":[{"href":"https:\/\/agora.xtec.cat\/zerpallarsjussa\/wp-json\/wp\/v2\/types\/post"}],"author":[{"embeddable":true,"href":"https:\/\/agora.xtec.cat\/zerpallarsjussa\/wp-json\/wp\/v2\/users\/40"}],"replies":[{"embeddable":true,"href":"https:\/\/agora.xtec.cat\/zerpallarsjussa\/wp-json\/wp\/v2\/comments?post=5613"}],"version-history":[{"count":2,"href":"https:\/\/agora.xtec.cat\/zerpallarsjussa\/wp-json\/wp\/v2\/posts\/5613\/revisions"}],"predecessor-version":[{"id":5616,"href":"https:\/\/agora.xtec.cat\/zerpallarsjussa\/wp-json\/wp\/v2\/posts\/5613\/revisions\/5616"}],"wp:featuredmedia":[{"embeddable":true,"href":"https:\/\/agora.xtec.cat\/zerpallarsjussa\/wp-json\/wp\/v2\/media\/5614"}],"wp:attachment":[{"href":"https:\/\/agora.xtec.cat\/zerpallarsjussa\/wp-json\/wp\/v2\/media?parent=5613"}],"wp:term":[{"taxonomy":"category","embeddable":true,"href":"https:\/\/agora.xtec.cat\/zerpallarsjussa\/wp-json\/wp\/v2\/categories?post=5613"},{"taxonomy":"post_tag","embeddable":true,"href":"https:\/\/agora.xtec.cat\/zerpallarsjussa\/wp-json\/wp\/v2\/tags?post=5613"}],"curies":[{"name":"wp","href":"https:\/\/api.w.org\/{rel}","templated":true}]}}