{"id":5554,"date":"2026-02-27T16:09:24","date_gmt":"2026-02-27T15:09:24","guid":{"rendered":"https:\/\/agora.xtec.cat\/zerpallarsjussa\/?p=5554"},"modified":"2026-02-27T16:19:38","modified_gmt":"2026-02-27T15:19:38","slug":"una-visita-ben-especial","status":"publish","type":"post","link":"https:\/\/agora.xtec.cat\/zerpallarsjussa\/noticies\/una-visita-ben-especial\/","title":{"rendered":"Una visita ben especial!"},"content":{"rendered":"<p><a href=\"https:\/\/agora.xtec.cat\/zerpallarsjussa\/wp-content\/uploads\/usu576\/2026\/02\/8a91a0fe-eb40-4c93-b246-272b91f47e22.jpeg\"><img loading=\"lazy\" decoding=\"async\" class=\"aligncenter wp-image-5559\" src=\"https:\/\/agora.xtec.cat\/zerpallarsjussa\/wp-content\/uploads\/usu576\/2026\/02\/8a91a0fe-eb40-4c93-b246-272b91f47e22-1024x1024.jpeg\" alt=\"\" width=\"571\" height=\"571\" srcset=\"https:\/\/agora.xtec.cat\/zerpallarsjussa\/wp-content\/uploads\/usu576\/2026\/02\/8a91a0fe-eb40-4c93-b246-272b91f47e22-1024x1024.jpeg 1024w, https:\/\/agora.xtec.cat\/zerpallarsjussa\/wp-content\/uploads\/usu576\/2026\/02\/8a91a0fe-eb40-4c93-b246-272b91f47e22-300x300.jpeg 300w, https:\/\/agora.xtec.cat\/zerpallarsjussa\/wp-content\/uploads\/usu576\/2026\/02\/8a91a0fe-eb40-4c93-b246-272b91f47e22-150x150.jpeg 150w, https:\/\/agora.xtec.cat\/zerpallarsjussa\/wp-content\/uploads\/usu576\/2026\/02\/8a91a0fe-eb40-4c93-b246-272b91f47e22-768x768.jpeg 768w, https:\/\/agora.xtec.cat\/zerpallarsjussa\/wp-content\/uploads\/usu576\/2026\/02\/8a91a0fe-eb40-4c93-b246-272b91f47e22-1536x1536.jpeg 1536w, https:\/\/agora.xtec.cat\/zerpallarsjussa\/wp-content\/uploads\/usu576\/2026\/02\/8a91a0fe-eb40-4c93-b246-272b91f47e22.jpeg 1600w\" sizes=\"auto, (max-width: 571px) 100vw, 571px\" \/><\/a><\/p>\n<p>Aquest dimecres dia 25 vam rebre a l&#8217;escola una visita molt especial, varis padrins i padrines de la Vall van venir a l&#8217;escola per parlar-nos de com era la vida quan eren petits i joves. Durant aquest segon trimestre, tota l&#8217;escola estem treballant diversos temes respecte a com era la vida a la Vall Fosca fa 100 anys i ells i elles ens van ajudar a ampliar aquest coneixement.<\/p>\n<p>En concret, a infantil que estan treballant els jocs d&#8217;abans, ens van ensenyar diferents jocs de quan eren petits i com es feien ells mateixos les joguines (patacons, bales, xapes, corda, xarranca, baldufa, can\u00e7ons de jugar&#8230;). Vam fer vaixells i avions de paper amb l&#8217;Antonio, patacons amb el Sisco i la Maria, que havia estat mestra a la Vall, ens va explicar com era l&#8217;escola fa molts anys, molt diferent d&#8217;ara. I, fins i tot, van jugar amb nosaltres al pati a all\u00f2 que ens havien explicat!<\/p>\n<p>A cicle inicial, que s&#8217;han centrat en l&#8217;estudi de la cuina de les padrines i tots els objectes que es feien servir, la Dolors, la Carme, la Roser i l&#8217;Antonieta els van explicar la difer\u00e8ncia de la manera de cuinar d&#8217;abans i d&#8217;ara i totes les comoditats que ara en tenim! Tamb\u00e9 els nens i nenes els van parlar del recull de receptes que estan fent i elles els van explicar les que feien abans i com, perqu\u00e8 fins i tot, la Dolors ens va contar que posaven pell de serp blanca al caldo per salar!<\/p>\n<p>A cicle mitj\u00e0, que estudien concretament la vestimenta d&#8217;aquella \u00e8poca, tamb\u00e9 els van visitar l&#8217;Antonieta, la Dolors, la Roser i la Carme i els van parlar sobre com era la vestimenta antigament i l&#8217;Antonieta els va ensenyar un pentinador, aquella pe\u00e7a de roba que es ficava a sobre per quan t&#8217;havies de pentinar i que es no quedessin els cabells a la roba. Qu\u00e8 interessant!<\/p>\n<p>A cicle superior, que estan treballant els oficis, el Sisco, l&#8217;Antonio i la Maria ens van explicar que hi havia molta vida a la Vall fosca abans i molts oficis que ara ja no hi s\u00f3n (matalasser, carboner, moliner, teuler, baster, lleter, mulater, campaner&#8230;). A m\u00e9s, vam parlar tamb\u00e9 dels mestres, perqu\u00e8 la Maria va ser mestra molts anys a la Vall i ens va emocionar a totes i tots parlant sobre com era en el seu moment.<\/p>\n<p>Va ser un mat\u00ed ben especial i que sempre guardarem en el nostre record. Tant de bo puguem repetir en altres moments, perqu\u00e8 aprendre dels padrins i padrines \u00e9s una meravella i una font de riquesa inesgotable. Molt\u00edssimes gr\u00e0cies per venir i compartir els vostres records i saviesa! I gr\u00e0cies tamb\u00e9 a la Mar d&#8217;Alba Juss\u00e0 per organitzar l&#8217;activitat conjuntament amb l&#8217;escola.<\/p>\n<p>Podeu veure algunes fotos i v\u00eddeos <a href=\"https:\/\/drive.google.com\/drive\/folders\/1w9IPX9COsZTLcGNYyKQeiyYpS8c5mkF1\">aqu\u00ed.<\/a><\/p>\n<p>&nbsp;<\/p>\n","protected":false},"excerpt":{"rendered":"<p>Aquest dimecres dia 25 vam rebre a l&#8217;escola una visita molt especial, varis padrins i padrines de la Vall van venir a l&#8217;escola per parlar-nos de com era la vida quan eren petits i joves. Durant aquest segon trimestre, tota l&#8217;escola estem treballant diversos temes respecte a com era la vida a la Vall Fosca [&hellip;]<\/p>\n","protected":false},"author":40,"featured_media":5559,"comment_status":"open","ping_status":"open","sticky":false,"template":"","format":"standard","meta":{"_bbp_topic_count":0,"_bbp_reply_count":0,"_bbp_total_topic_count":0,"_bbp_total_reply_count":0,"_bbp_voice_count":0,"_bbp_anonymous_reply_count":0,"_bbp_topic_count_hidden":0,"_bbp_reply_count_hidden":0,"_bbp_forum_subforum_count":0,"site-sidebar-layout":"default","site-content-layout":"","ast-site-content-layout":"default","site-content-style":"default","site-sidebar-style":"default","ast-global-header-display":"","ast-banner-title-visibility":"","ast-main-header-display":"","ast-hfb-above-header-display":"","ast-hfb-below-header-display":"","ast-hfb-mobile-header-display":"","site-post-title":"","ast-breadcrumbs-content":"","ast-featured-img":"","footer-sml-layout":"","theme-transparent-header-meta":"default","adv-header-id-meta":"","stick-header-meta":"","header-above-stick-meta":"","header-main-stick-meta":"","header-below-stick-meta":"","astra-migrate-meta-layouts":"set","ast-page-background-enabled":"default","ast-page-background-meta":{"desktop":{"background-color":"var(--ast-global-color-4)","background-image":"","background-repeat":"repeat","background-position":"center center","background-size":"auto","background-attachment":"scroll","background-type":"","background-media":"","overlay-type":"","overlay-color":"","overlay-opacity":"","overlay-gradient":""},"tablet":{"background-color":"","background-image":"","background-repeat":"repeat","background-position":"center center","background-size":"auto","background-attachment":"scroll","background-type":"","background-media":"","overlay-type":"","overlay-color":"","overlay-opacity":"","overlay-gradient":""},"mobile":{"background-color":"","background-image":"","background-repeat":"repeat","background-position":"center center","background-size":"auto","background-attachment":"scroll","background-type":"","background-media":"","overlay-type":"","overlay-color":"","overlay-opacity":"","overlay-gradient":""}},"ast-content-background-meta":{"desktop":{"background-color":"var(--ast-global-color-5)","background-image":"","background-repeat":"repeat","background-position":"center center","background-size":"auto","background-attachment":"scroll","background-type":"","background-media":"","overlay-type":"","overlay-color":"","overlay-opacity":"","overlay-gradient":""},"tablet":{"background-color":"var(--ast-global-color-5)","background-image":"","background-repeat":"repeat","background-position":"center center","background-size":"auto","background-attachment":"scroll","background-type":"","background-media":"","overlay-type":"","overlay-color":"","overlay-opacity":"","overlay-gradient":""},"mobile":{"background-color":"var(--ast-global-color-5)","background-image":"","background-repeat":"repeat","background-position":"center center","background-size":"auto","background-attachment":"scroll","background-type":"","background-media":"","overlay-type":"","overlay-color":"","overlay-opacity":"","overlay-gradient":""}},"footnotes":""},"categories":[63,64,67,78,68,121,1,29],"tags":[],"class_list":["post-5554","post","type-post","status-publish","format-standard","has-post-thumbnail","hentry","category-cicle-inicial","category-3r-i-4t-escola-la-vall-fosca","category-5e-i-6e-escola-la-vall-fosca","category-escola-bressol-la-vall-fosca","category-escola-la-vall-fosca","category-infantil-escola-la-vall-fosca","category-noticies","category-portada"],"post_mailing_queue_ids":[],"_links":{"self":[{"href":"https:\/\/agora.xtec.cat\/zerpallarsjussa\/wp-json\/wp\/v2\/posts\/5554","targetHints":{"allow":["GET"]}}],"collection":[{"href":"https:\/\/agora.xtec.cat\/zerpallarsjussa\/wp-json\/wp\/v2\/posts"}],"about":[{"href":"https:\/\/agora.xtec.cat\/zerpallarsjussa\/wp-json\/wp\/v2\/types\/post"}],"author":[{"embeddable":true,"href":"https:\/\/agora.xtec.cat\/zerpallarsjussa\/wp-json\/wp\/v2\/users\/40"}],"replies":[{"embeddable":true,"href":"https:\/\/agora.xtec.cat\/zerpallarsjussa\/wp-json\/wp\/v2\/comments?post=5554"}],"version-history":[{"count":4,"href":"https:\/\/agora.xtec.cat\/zerpallarsjussa\/wp-json\/wp\/v2\/posts\/5554\/revisions"}],"predecessor-version":[{"id":5561,"href":"https:\/\/agora.xtec.cat\/zerpallarsjussa\/wp-json\/wp\/v2\/posts\/5554\/revisions\/5561"}],"wp:featuredmedia":[{"embeddable":true,"href":"https:\/\/agora.xtec.cat\/zerpallarsjussa\/wp-json\/wp\/v2\/media\/5559"}],"wp:attachment":[{"href":"https:\/\/agora.xtec.cat\/zerpallarsjussa\/wp-json\/wp\/v2\/media?parent=5554"}],"wp:term":[{"taxonomy":"category","embeddable":true,"href":"https:\/\/agora.xtec.cat\/zerpallarsjussa\/wp-json\/wp\/v2\/categories?post=5554"},{"taxonomy":"post_tag","embeddable":true,"href":"https:\/\/agora.xtec.cat\/zerpallarsjussa\/wp-json\/wp\/v2\/tags?post=5554"}],"curies":[{"name":"wp","href":"https:\/\/api.w.org\/{rel}","templated":true}]}}