{"id":4772,"date":"2025-06-23T14:17:18","date_gmt":"2025-06-23T12:17:18","guid":{"rendered":"https:\/\/agora.xtec.cat\/zerpallarsjussa\/?p=4772"},"modified":"2025-06-23T14:17:18","modified_gmt":"2025-06-23T12:17:18","slug":"festival-fi-de-curs-de-lescola-aeso","status":"publish","type":"post","link":"https:\/\/agora.xtec.cat\/zerpallarsjussa\/noticies\/festival-fi-de-curs-de-lescola-aeso\/","title":{"rendered":"Festival fi de curs de l\u2019escola Aeso!"},"content":{"rendered":"<p>&nbsp;<\/p>\n<p style=\"text-align: center;\"><a href=\"https:\/\/agora.xtec.cat\/zerpallarsjussa\/wp-content\/uploads\/usu576\/2025\/06\/20250620_161327-en-tamano-mediano.jpeg\"><img loading=\"lazy\" decoding=\"async\" class=\"alignnone size-full wp-image-4777\" src=\"https:\/\/agora.xtec.cat\/zerpallarsjussa\/wp-content\/uploads\/usu576\/2025\/06\/20250620_161327-en-tamano-mediano.jpeg\" alt=\"\" width=\"640\" height=\"360\" srcset=\"https:\/\/agora.xtec.cat\/zerpallarsjussa\/wp-content\/uploads\/usu576\/2025\/06\/20250620_161327-en-tamano-mediano.jpeg 640w, https:\/\/agora.xtec.cat\/zerpallarsjussa\/wp-content\/uploads\/usu576\/2025\/06\/20250620_161327-en-tamano-mediano-300x169.jpeg 300w\" sizes=\"auto, (max-width: 640px) 100vw, 640px\" \/><\/a><\/p>\n<p><span style=\"font-family: inherit; font-size: 1em;\">El festival de fi de curs \u00e9s un dels moments m\u00e9s esperats de l\u2019any i el passat 20 de juny el vam celebrar al poliesportiu d\u2019Isona, presentat pels nens i les nenes de cicle superior i sota la tem\u00e0tica <strong>cinema d&#8217;animaci\u00f3 de Hollywood<\/strong>, van oferir al p\u00fablic unes coreografies tan ben executades que cada cicle va guanyar un Oscar. <\/span><span style=\"font-family: inherit; font-size: 1em;\">El m\u00e9s emotiu va estar l\u2019acomiadament de l\u2019Arnau, ja que el curs vinent anir\u00e0 a l\u2019institut, els companys i les companyes de classe li van dedicar unes boniques paraules, es va projectar un v\u00eddeo amb fotografies del seu pas per l\u2019escola i l\u2019AFA li va regalar un coix\u00ed molt bonic. Molta sort, Arnau!\u00a0<\/span><\/p>\n<p>En acabar, l\u2019AFA\u00a0va organitzar un berenar. La festa va continuar a la piscina municipal, oberta per l\u2019ocasi\u00f3 amb la col\u00b7laboraci\u00f3 de l\u2019Ajuntament,\u00a0on els infants i les fam\u00edlies es van poder banyar i gaudir d\u2019un sopar bon\u00edssim.<\/p>\n<p>Aqu\u00ed teniu el recull de <a href=\"https:\/\/drive.google.com\/drive\/folders\/1--GYXiih4wN-JA9O-S0pfaLv5shDPcUd\">fotos<\/a>.<\/p>\n<p><span style=\"font-family: inherit; font-size: 1em;\">Bon estiu a tothom!<\/span><\/p>\n<p>&nbsp;<\/p>\n","protected":false},"excerpt":{"rendered":"<p>&nbsp; El festival de fi de curs \u00e9s un dels moments m\u00e9s esperats de l\u2019any i el passat 20 de juny el vam celebrar al poliesportiu d\u2019Isona, presentat pels nens i les nenes de cicle superior i sota la tem\u00e0tica cinema d&#8217;animaci\u00f3 de Hollywood, van oferir al p\u00fablic unes coreografies tan ben executades que cada [&hellip;]<\/p>\n","protected":false},"author":1,"featured_media":4778,"comment_status":"open","ping_status":"open","sticky":false,"template":"","format":"standard","meta":{"_bbp_topic_count":0,"_bbp_reply_count":0,"_bbp_total_topic_count":0,"_bbp_total_reply_count":0,"_bbp_voice_count":0,"_bbp_anonymous_reply_count":0,"_bbp_topic_count_hidden":0,"_bbp_reply_count_hidden":0,"_bbp_forum_subforum_count":0,"site-sidebar-layout":"default","site-content-layout":"","ast-site-content-layout":"","site-content-style":"default","site-sidebar-style":"default","ast-global-header-display":"","ast-banner-title-visibility":"","ast-main-header-display":"","ast-hfb-above-header-display":"","ast-hfb-below-header-display":"","ast-hfb-mobile-header-display":"","site-post-title":"","ast-breadcrumbs-content":"","ast-featured-img":"","footer-sml-layout":"","theme-transparent-header-meta":"","adv-header-id-meta":"","stick-header-meta":"","header-above-stick-meta":"","header-main-stick-meta":"","header-below-stick-meta":"","astra-migrate-meta-layouts":"default","ast-page-background-enabled":"default","ast-page-background-meta":{"desktop":{"background-color":"var(--ast-global-color-4)","background-image":"","background-repeat":"repeat","background-position":"center center","background-size":"auto","background-attachment":"scroll","background-type":"","background-media":"","overlay-type":"","overlay-color":"","overlay-opacity":"","overlay-gradient":""},"tablet":{"background-color":"","background-image":"","background-repeat":"repeat","background-position":"center center","background-size":"auto","background-attachment":"scroll","background-type":"","background-media":"","overlay-type":"","overlay-color":"","overlay-opacity":"","overlay-gradient":""},"mobile":{"background-color":"","background-image":"","background-repeat":"repeat","background-position":"center center","background-size":"auto","background-attachment":"scroll","background-type":"","background-media":"","overlay-type":"","overlay-color":"","overlay-opacity":"","overlay-gradient":""}},"ast-content-background-meta":{"desktop":{"background-color":"var(--ast-global-color-5)","background-image":"","background-repeat":"repeat","background-position":"center center","background-size":"auto","background-attachment":"scroll","background-type":"","background-media":"","overlay-type":"","overlay-color":"","overlay-opacity":"","overlay-gradient":""},"tablet":{"background-color":"var(--ast-global-color-5)","background-image":"","background-repeat":"repeat","background-position":"center center","background-size":"auto","background-attachment":"scroll","background-type":"","background-media":"","overlay-type":"","overlay-color":"","overlay-opacity":"","overlay-gradient":""},"mobile":{"background-color":"var(--ast-global-color-5)","background-image":"","background-repeat":"repeat","background-position":"center center","background-size":"auto","background-attachment":"scroll","background-type":"","background-media":"","overlay-type":"","overlay-color":"","overlay-opacity":"","overlay-gradient":""}},"footnotes":""},"categories":[62,65,66,59,70,120,1,29],"tags":[],"class_list":["post-4772","post","type-post","status-publish","format-standard","has-post-thumbnail","hentry","category-1r-i-2n","category-3r-i-4t","category-5e-i-6e","category-escola-aeso","category-escola-bressol","category-infantil","category-noticies","category-portada"],"post_mailing_queue_ids":[],"_links":{"self":[{"href":"https:\/\/agora.xtec.cat\/zerpallarsjussa\/wp-json\/wp\/v2\/posts\/4772","targetHints":{"allow":["GET"]}}],"collection":[{"href":"https:\/\/agora.xtec.cat\/zerpallarsjussa\/wp-json\/wp\/v2\/posts"}],"about":[{"href":"https:\/\/agora.xtec.cat\/zerpallarsjussa\/wp-json\/wp\/v2\/types\/post"}],"author":[{"embeddable":true,"href":"https:\/\/agora.xtec.cat\/zerpallarsjussa\/wp-json\/wp\/v2\/users\/1"}],"replies":[{"embeddable":true,"href":"https:\/\/agora.xtec.cat\/zerpallarsjussa\/wp-json\/wp\/v2\/comments?post=4772"}],"version-history":[{"count":6,"href":"https:\/\/agora.xtec.cat\/zerpallarsjussa\/wp-json\/wp\/v2\/posts\/4772\/revisions"}],"predecessor-version":[{"id":4785,"href":"https:\/\/agora.xtec.cat\/zerpallarsjussa\/wp-json\/wp\/v2\/posts\/4772\/revisions\/4785"}],"wp:featuredmedia":[{"embeddable":true,"href":"https:\/\/agora.xtec.cat\/zerpallarsjussa\/wp-json\/wp\/v2\/media\/4778"}],"wp:attachment":[{"href":"https:\/\/agora.xtec.cat\/zerpallarsjussa\/wp-json\/wp\/v2\/media?parent=4772"}],"wp:term":[{"taxonomy":"category","embeddable":true,"href":"https:\/\/agora.xtec.cat\/zerpallarsjussa\/wp-json\/wp\/v2\/categories?post=4772"},{"taxonomy":"post_tag","embeddable":true,"href":"https:\/\/agora.xtec.cat\/zerpallarsjussa\/wp-json\/wp\/v2\/tags?post=4772"}],"curies":[{"name":"wp","href":"https:\/\/api.w.org\/{rel}","templated":true}]}}