{"id":9497,"date":"2026-04-27T13:40:13","date_gmt":"2026-04-27T11:40:13","guid":{"rendered":"https:\/\/agora.xtec.cat\/zeroliver\/?p=9497"},"modified":"2026-04-27T13:41:45","modified_gmt":"2026-04-27T11:41:45","slug":"gust-per-la-salut","status":"publish","type":"post","link":"https:\/\/agora.xtec.cat\/zeroliver\/general\/gust-per-la-salut\/","title":{"rendered":"GUST PER LA SALUT"},"content":{"rendered":"\n<p>El dijous 23 d\u2019abril l\u2019alumnat de Prim\u00e0ria van fer un taller anomenat <strong>\u201cGust per la Salut\u201d<\/strong>, relacionat amb l&#8217;alimentaci\u00f3 saludable. <\/p>\n\n\n\n<p>L&#8217;alumnat de CM i CS van comen\u00e7ar el mat\u00ed fent dues activitats. En primer lloc es van dividir en grups i cada un dissenyava un men\u00fa per un dia diferent de la setmana tenint en compte les activitats que es feien aquell dia. Van adonar-se de la import\u00e0ncia de menjar variat i no fer un \u00fas abusiu dels dol\u00e7os en les diferents menjades. Despr\u00e9s es va repartir fruites i lactics per poder-los menjar a la classe.<\/p>\n\n\n\n<p>A continuaci\u00f3 l&#8217;alumnat de CI va rebre la visita d&#8217;uns pagesos i ramaders que els hi van demanar ajuda per recuperar alguns aliments que s\u2019havien perdut. A trav\u00e9s d\u2019un v\u00eddeo i diferents reptes proposats, van anar descobrint aspectes claus relacionats amb l\u2019alimentaci\u00f3 saludable. Per acabar, tamb\u00e9 van poder fer un tastet de fruita i l\u00e0ctics. <\/p>\n\n\n\n<p>Aquests tallers ens ajudaran a reflexionar sobre la import\u00e0ncia d\u2019una alimentaci\u00f3 sana i conscient.<\/p>\n\n\n\n<p>Moltes gr\u00e0cies a la Mar i en Sergi!<\/p>\n\n\n\n<figure class=\"wp-block-image aligncenter\"><a href=\"https:\/\/drive.google.com\/drive\/folders\/1bWpNiMmHpJ0-gND3oDK9hFB-xbHtqLmw?usp=drive_link\" target=\"_blank\" rel=\" noreferrer noopener\"><img loading=\"lazy\" decoding=\"async\" width=\"600\" height=\"450\" src=\"https:\/\/agora.xtec.cat\/zeroliver\/wp-content\/uploads\/usu798\/2026\/04\/IMG_7853.jpg\" alt=\"\" class=\"wp-image-9498\" srcset=\"https:\/\/agora.xtec.cat\/zeroliver\/wp-content\/uploads\/usu798\/2026\/04\/IMG_7853.jpg 600w, https:\/\/agora.xtec.cat\/zeroliver\/wp-content\/uploads\/usu798\/2026\/04\/IMG_7853-300x225.jpg 300w\" sizes=\"auto, (max-width: 600px) 100vw, 600px\" \/><\/a><\/figure>\n\n\n\n<p><\/p>\n","protected":false},"excerpt":{"rendered":"<p>El dijous 23 d\u2019abril l\u2019alumnat de Prim\u00e0ria van fer un taller anomenat \u201cGust per la Salut\u201d, relacionat amb l&#8217;alimentaci\u00f3 saludable. [&hellip;]<\/p>\n","protected":false},"author":1,"featured_media":9498,"comment_status":"open","ping_status":"open","sticky":false,"template":"","format":"standard","meta":{"_bbp_topic_count":0,"_bbp_reply_count":0,"_bbp_total_topic_count":0,"_bbp_total_reply_count":0,"_bbp_voice_count":0,"_bbp_anonymous_reply_count":0,"_bbp_topic_count_hidden":0,"_bbp_reply_count_hidden":0,"_bbp_forum_subforum_count":0,"site-sidebar-layout":"default","site-content-layout":"","ast-site-content-layout":"default","site-content-style":"default","site-sidebar-style":"default","ast-global-header-display":"","ast-banner-title-visibility":"","ast-main-header-display":"","ast-hfb-above-header-display":"","ast-hfb-below-header-display":"","ast-hfb-mobile-header-display":"","site-post-title":"","ast-breadcrumbs-content":"","ast-featured-img":"","footer-sml-layout":"","theme-transparent-header-meta":"","adv-header-id-meta":"","stick-header-meta":"","header-above-stick-meta":"","header-main-stick-meta":"","header-below-stick-meta":"","astra-migrate-meta-layouts":"set","ast-page-background-enabled":"default","ast-page-background-meta":{"desktop":{"background-color":"var(--ast-global-color-4)","background-image":"","background-repeat":"repeat","background-position":"center center","background-size":"auto","background-attachment":"scroll","background-type":"","background-media":"","overlay-type":"","overlay-color":"","overlay-opacity":"","overlay-gradient":""},"tablet":{"background-color":"","background-image":"","background-repeat":"repeat","background-position":"center center","background-size":"auto","background-attachment":"scroll","background-type":"","background-media":"","overlay-type":"","overlay-color":"","overlay-opacity":"","overlay-gradient":""},"mobile":{"background-color":"","background-image":"","background-repeat":"repeat","background-position":"center center","background-size":"auto","background-attachment":"scroll","background-type":"","background-media":"","overlay-type":"","overlay-color":"","overlay-opacity":"","overlay-gradient":""}},"ast-content-background-meta":{"desktop":{"background-color":"var(--ast-global-color-5)","background-image":"","background-repeat":"repeat","background-position":"center center","background-size":"auto","background-attachment":"scroll","background-type":"","background-media":"","overlay-type":"","overlay-color":"","overlay-opacity":"","overlay-gradient":""},"tablet":{"background-color":"var(--ast-global-color-5)","background-image":"","background-repeat":"repeat","background-position":"center center","background-size":"auto","background-attachment":"scroll","background-type":"","background-media":"","overlay-type":"","overlay-color":"","overlay-opacity":"","overlay-gradient":""},"mobile":{"background-color":"var(--ast-global-color-5)","background-image":"","background-repeat":"repeat","background-position":"center center","background-size":"auto","background-attachment":"scroll","background-type":"","background-media":"","overlay-type":"","overlay-color":"","overlay-opacity":"","overlay-gradient":""}},"footnotes":""},"categories":[1,29,125,126,127,128,129,130,92],"tags":[],"class_list":["post-9497","post","type-post","status-publish","format-standard","has-post-thumbnail","hentry","category-general","category-portada","category-1r","category-2n","category-3r","category-4t","category-5e","category-6e","category-escola-otogesa"],"post_mailing_queue_ids":[],"_links":{"self":[{"href":"https:\/\/agora.xtec.cat\/zeroliver\/wp-json\/wp\/v2\/posts\/9497","targetHints":{"allow":["GET"]}}],"collection":[{"href":"https:\/\/agora.xtec.cat\/zeroliver\/wp-json\/wp\/v2\/posts"}],"about":[{"href":"https:\/\/agora.xtec.cat\/zeroliver\/wp-json\/wp\/v2\/types\/post"}],"author":[{"embeddable":true,"href":"https:\/\/agora.xtec.cat\/zeroliver\/wp-json\/wp\/v2\/users\/1"}],"replies":[{"embeddable":true,"href":"https:\/\/agora.xtec.cat\/zeroliver\/wp-json\/wp\/v2\/comments?post=9497"}],"version-history":[{"count":2,"href":"https:\/\/agora.xtec.cat\/zeroliver\/wp-json\/wp\/v2\/posts\/9497\/revisions"}],"predecessor-version":[{"id":9500,"href":"https:\/\/agora.xtec.cat\/zeroliver\/wp-json\/wp\/v2\/posts\/9497\/revisions\/9500"}],"wp:featuredmedia":[{"embeddable":true,"href":"https:\/\/agora.xtec.cat\/zeroliver\/wp-json\/wp\/v2\/media\/9498"}],"wp:attachment":[{"href":"https:\/\/agora.xtec.cat\/zeroliver\/wp-json\/wp\/v2\/media?parent=9497"}],"wp:term":[{"taxonomy":"category","embeddable":true,"href":"https:\/\/agora.xtec.cat\/zeroliver\/wp-json\/wp\/v2\/categories?post=9497"},{"taxonomy":"post_tag","embeddable":true,"href":"https:\/\/agora.xtec.cat\/zeroliver\/wp-json\/wp\/v2\/tags?post=9497"}],"curies":[{"name":"wp","href":"https:\/\/api.w.org\/{rel}","templated":true}]}}