{"id":9374,"date":"2026-03-09T13:41:37","date_gmt":"2026-03-09T12:41:37","guid":{"rendered":"https:\/\/agora.xtec.cat\/zeroliver\/?p=9374"},"modified":"2026-03-09T13:41:38","modified_gmt":"2026-03-09T12:41:38","slug":"carnestoltes","status":"publish","type":"post","link":"https:\/\/agora.xtec.cat\/zeroliver\/general\/carnestoltes\/","title":{"rendered":"CARNESTOLTES"},"content":{"rendered":"\n<p>Un any m\u00e9s el Senyor Carnestoltes, Rei dels Poca-soltes, va fer la seva entrada triomfal a les nostres escoles el dijous 5 de febrer. Amb el seu discurs rocambolesc i les seves ordres esbojarrades, que els nens i nenes m\u00e9s grans ens van llegir a tots i totes, donava el tret de sortida a una setmana molt esperada pels infants de la nostra ZER. Barrets al cap, mitjons diferents, paraig\u00fces i ulleres de sol, van ser alguns dels complements que el Carnestoltes ens demanava aquest any, i com a bons minyons i minyones, vam seguir al peu de la lletra les seves ordres durant tota la setmana.&nbsp;<\/p>\n\n\n\n<p>Malauradament, el dijous 12 de febrer, dia que tocava lluir la nostra millor disfressa, l\u2019alerta d\u2019emerg\u00e8ncia per forts vents va provocar el tancament de les escoles a tot Catalunya.&nbsp;<\/p>\n\n\n\n<p>Com que no ens vol\u00edem quedar sense disfressar-nos, un cop passada la Setmana Cultural, vam recuperar la festa de cloenda del Carnestoltes, el dijous 26 de febrer a l\u2019Escola Sant Jaume i Arc d\u2019Ad\u00e0 i el divendres 27 a l\u2019Escola de Massalcoreig.<\/p>\n\n\n\n<p>Els nens i nenes de La Granja d\u2019Escarp, durant el mat\u00ed vam gaudir d\u2019un taller de pancakes en angl\u00e8s amb el mestre Xavi i la senyoreta Maria del Mar i a la tarda, tots ben disfressats amb all\u00f2 que m\u00e9s ens agradava, ens els vam menjar.\u00a0<\/p>\n\n\n\n<p>A Llardecans, la junta de l\u2019AFA ens va preparar els ja tradicionals entrepans de llonganissa per esmorzar i, tot seguit, vam iniciar la rua pels carrers del poble amb les nostres millors disfresses. La m\u00fasica, el ball i un bon sol ens van acompanyar en aquesta cloenda tan especial.<\/p>\n\n\n\n<p>A Massalcoreig tamb\u00e9 vam sortir a lluir les nostres disfresses fent una rua pels carrers del poble en la qual no hi van faltar els balls a la pla\u00e7a Nova. En acabar la rua, l\u2019escola va convidar a berenar coca i xocolata a tots els nens i nenes i vam poder continuar la gresca al pati de l\u2019escola on vam donar per acabada la festa de Carnestoltes d&#8217;aquest any.<\/p>\n\n\n\n<p>Cliqueu a les imatges per veure les fotos de cada escola:<\/p>\n\n\n\n<div class=\"wp-block-group is-content-justification-center is-nowrap is-layout-flex wp-container-core-group-is-layout-1 wp-block-group-is-layout-flex\">\n<figure class=\"wp-block-image size-full is-resized\"><a href=\"https:\/\/drive.google.com\/drive\/folders\/1YWvrGEoQ1jlP8uiqBGxRfM_ZisD5il7S?usp=sharing\"><img loading=\"lazy\" decoding=\"async\" width=\"240\" height=\"255\" src=\"https:\/\/agora.xtec.cat\/zeroliver\/wp-content\/uploads\/usu798\/2026\/03\/Llardecans-1.jpg\" alt=\"\" class=\"wp-image-9384\" style=\"width:161px;height:auto\"\/><\/a><\/figure>\n\n\n\n<figure class=\"wp-block-image size-full is-resized\"><a href=\"https:\/\/drive.google.com\/drive\/folders\/1oi-NG-MU_jF0HH8e8IqQq-qhY9fGuj9h?usp=sharing\"><img loading=\"lazy\" decoding=\"async\" width=\"247\" height=\"237\" src=\"https:\/\/agora.xtec.cat\/zeroliver\/wp-content\/uploads\/usu798\/2026\/03\/Llardecans-2-1.jpg\" alt=\"\" class=\"wp-image-9383\" style=\"width:170px;height:auto\"\/><\/a><\/figure>\n\n\n\n<figure class=\"wp-block-image size-full is-resized\"><a href=\"https:\/\/drive.google.com\/drive\/folders\/1USElswfLPijo4LRuSW5WjeetkC0l_hpt?usp=sharing\"><img loading=\"lazy\" decoding=\"async\" width=\"181\" height=\"295\" src=\"https:\/\/agora.xtec.cat\/zeroliver\/wp-content\/uploads\/usu798\/2026\/03\/Llardecans-3-1.jpg\" alt=\"\" class=\"wp-image-9381\" style=\"width:133px;height:auto\"\/><\/a><\/figure>\n\n\n\n<figure class=\"wp-block-image size-full is-resized\"><a href=\"https:\/\/drive.google.com\/drive\/folders\/17DbfC6WdU91JJB8GVCxv9wZjdEl2jOYg?usp=sharing\"><img loading=\"lazy\" decoding=\"async\" width=\"267\" height=\"291\" src=\"https:\/\/agora.xtec.cat\/zeroliver\/wp-content\/uploads\/usu798\/2026\/03\/Llardecans-4.jpg\" alt=\"\" class=\"wp-image-9382\" style=\"width:184px;height:auto\"\/><\/a><\/figure>\n<\/div>\n\n\n\n<p><\/p>\n","protected":false},"excerpt":{"rendered":"<p>Un any m\u00e9s el Senyor Carnestoltes, Rei dels Poca-soltes, va fer la seva entrada triomfal a les nostres escoles el [&hellip;]<\/p>\n","protected":false},"author":6,"featured_media":9375,"comment_status":"open","ping_status":"open","sticky":false,"template":"","format":"standard","meta":{"_bbp_topic_count":0,"_bbp_reply_count":0,"_bbp_total_topic_count":0,"_bbp_total_reply_count":0,"_bbp_voice_count":0,"_bbp_anonymous_reply_count":0,"_bbp_topic_count_hidden":0,"_bbp_reply_count_hidden":0,"_bbp_forum_subforum_count":0,"site-sidebar-layout":"default","site-content-layout":"","ast-site-content-layout":"default","site-content-style":"default","site-sidebar-style":"default","ast-global-header-display":"","ast-banner-title-visibility":"","ast-main-header-display":"","ast-hfb-above-header-display":"","ast-hfb-below-header-display":"","ast-hfb-mobile-header-display":"","site-post-title":"","ast-breadcrumbs-content":"","ast-featured-img":"","footer-sml-layout":"","theme-transparent-header-meta":"","adv-header-id-meta":"","stick-header-meta":"","header-above-stick-meta":"","header-main-stick-meta":"","header-below-stick-meta":"","astra-migrate-meta-layouts":"set","ast-page-background-enabled":"default","ast-page-background-meta":{"desktop":{"background-color":"var(--ast-global-color-4)","background-image":"","background-repeat":"repeat","background-position":"center center","background-size":"auto","background-attachment":"scroll","background-type":"","background-media":"","overlay-type":"","overlay-color":"","overlay-opacity":"","overlay-gradient":""},"tablet":{"background-color":"","background-image":"","background-repeat":"repeat","background-position":"center center","background-size":"auto","background-attachment":"scroll","background-type":"","background-media":"","overlay-type":"","overlay-color":"","overlay-opacity":"","overlay-gradient":""},"mobile":{"background-color":"","background-image":"","background-repeat":"repeat","background-position":"center center","background-size":"auto","background-attachment":"scroll","background-type":"","background-media":"","overlay-type":"","overlay-color":"","overlay-opacity":"","overlay-gradient":""}},"ast-content-background-meta":{"desktop":{"background-color":"var(--ast-global-color-5)","background-image":"","background-repeat":"repeat","background-position":"center center","background-size":"auto","background-attachment":"scroll","background-type":"","background-media":"","overlay-type":"","overlay-color":"","overlay-opacity":"","overlay-gradient":""},"tablet":{"background-color":"var(--ast-global-color-5)","background-image":"","background-repeat":"repeat","background-position":"center center","background-size":"auto","background-attachment":"scroll","background-type":"","background-media":"","overlay-type":"","overlay-color":"","overlay-opacity":"","overlay-gradient":""},"mobile":{"background-color":"var(--ast-global-color-5)","background-image":"","background-repeat":"repeat","background-position":"center center","background-size":"auto","background-attachment":"scroll","background-type":"","background-media":"","overlay-type":"","overlay-color":"","overlay-opacity":"","overlay-gradient":""}},"footnotes":""},"categories":[1,29,220,96,162],"tags":[],"class_list":["post-9374","post","type-post","status-publish","format-standard","has-post-thumbnail","hentry","category-general","category-portada","category-cursos","category-festes","category-zer"],"post_mailing_queue_ids":[],"_links":{"self":[{"href":"https:\/\/agora.xtec.cat\/zeroliver\/wp-json\/wp\/v2\/posts\/9374","targetHints":{"allow":["GET"]}}],"collection":[{"href":"https:\/\/agora.xtec.cat\/zeroliver\/wp-json\/wp\/v2\/posts"}],"about":[{"href":"https:\/\/agora.xtec.cat\/zeroliver\/wp-json\/wp\/v2\/types\/post"}],"author":[{"embeddable":true,"href":"https:\/\/agora.xtec.cat\/zeroliver\/wp-json\/wp\/v2\/users\/6"}],"replies":[{"embeddable":true,"href":"https:\/\/agora.xtec.cat\/zeroliver\/wp-json\/wp\/v2\/comments?post=9374"}],"version-history":[{"count":6,"href":"https:\/\/agora.xtec.cat\/zeroliver\/wp-json\/wp\/v2\/posts\/9374\/revisions"}],"predecessor-version":[{"id":9389,"href":"https:\/\/agora.xtec.cat\/zeroliver\/wp-json\/wp\/v2\/posts\/9374\/revisions\/9389"}],"wp:featuredmedia":[{"embeddable":true,"href":"https:\/\/agora.xtec.cat\/zeroliver\/wp-json\/wp\/v2\/media\/9375"}],"wp:attachment":[{"href":"https:\/\/agora.xtec.cat\/zeroliver\/wp-json\/wp\/v2\/media?parent=9374"}],"wp:term":[{"taxonomy":"category","embeddable":true,"href":"https:\/\/agora.xtec.cat\/zeroliver\/wp-json\/wp\/v2\/categories?post=9374"},{"taxonomy":"post_tag","embeddable":true,"href":"https:\/\/agora.xtec.cat\/zeroliver\/wp-json\/wp\/v2\/tags?post=9374"}],"curies":[{"name":"wp","href":"https:\/\/api.w.org\/{rel}","templated":true}]}}