{"id":6530,"date":"2023-02-22T10:38:43","date_gmt":"2023-02-22T09:38:43","guid":{"rendered":"https:\/\/agora.xtec.cat\/zeroliver\/?p=6530"},"modified":"2023-02-22T10:39:24","modified_gmt":"2023-02-22T09:39:24","slug":"el-rei-carnestoltes-visita-les-escoles-de-la-zer","status":"publish","type":"post","link":"https:\/\/agora.xtec.cat\/zeroliver\/general\/el-rei-carnestoltes-visita-les-escoles-de-la-zer\/","title":{"rendered":"EL REI CARNESTOLTES VISITA LES ESCOLES DE LA ZER"},"content":{"rendered":"<p><img loading=\"lazy\" decoding=\"async\" class=\"aligncenter wp-image-6501\" src=\"https:\/\/agora.xtec.cat\/zeroliver\/wp-content\/uploads\/usu798\/2023\/02\/Captura-de-pantalla-2023-02-13-130441.png\" alt=\"\" width=\"720\" height=\"256\" srcset=\"https:\/\/agora.xtec.cat\/zeroliver\/wp-content\/uploads\/usu798\/2023\/02\/Captura-de-pantalla-2023-02-13-130441.png 1597w, https:\/\/agora.xtec.cat\/zeroliver\/wp-content\/uploads\/usu798\/2023\/02\/Captura-de-pantalla-2023-02-13-130441-300x107.png 300w, https:\/\/agora.xtec.cat\/zeroliver\/wp-content\/uploads\/usu798\/2023\/02\/Captura-de-pantalla-2023-02-13-130441-1024x364.png 1024w, https:\/\/agora.xtec.cat\/zeroliver\/wp-content\/uploads\/usu798\/2023\/02\/Captura-de-pantalla-2023-02-13-130441-768x273.png 768w, https:\/\/agora.xtec.cat\/zeroliver\/wp-content\/uploads\/usu798\/2023\/02\/Captura-de-pantalla-2023-02-13-130441-1536x546.png 1536w\" sizes=\"auto, (max-width: 720px) 100vw, 720px\" \/><\/p>\n<p style=\"text-align: justify;\">Ha arribat el Carnestoltes, tots hem sortit a passejar, ens hem posat una disfressa i hem saltat, cantat i ballat.<br \/>\nGr\u00e0cies Carnestoltes per la teva visita a totes les escoles de la nostra ZER, t&#8217;esperem el proper curs!!!<\/p>\n<p style=\"text-align: justify;\">Us detallem les activitats i la festa que cada escola ha preparat per tal d&#8217;homenatjar al nostre estimat Carnestoltes, rei de la gresca.<\/p>\n<p style=\"text-align: justify;\">A l&#8217;<span style=\"color: #339966;\"><strong>escola Otogesa<\/strong><\/span>, el dimecres 8 de febrer va arribar el Rei Carnestoltes i tots els nens i les nenes\u00a0van sortir a la pista a escoltar les ordres.<\/p>\n<p style=\"text-align: justify;\">Durant la setmana de Carnaval el Carnestoltes presidia el pati i alumnat, mestres, cuineres i\u00a0monitores de l\u2019escola hem seguit les ordres i hem fet activitats de carnaval (m\u00e0scares, jocs,etc). Cada mat\u00ed, per classes, hem sortit a fer-nos una foto amb ell.<\/p>\n<p style=\"text-align: justify;\">El divendres s\u2019ha fet la rua pels carrers del poble, on no hem parat de ballar. Primer hem\u00a0passat pel centre de serveis \u201cEl Tossal\u201d, on padrins i padrines ens esperaven disfressats i\u00a0disfressades de molinets.<br \/>\nLes fam\u00edlies ens hi han acompanyat i hem acabat ballant al mig de la pla\u00e7a.<\/p>\n<p><a href=\"https:\/\/drive.google.com\/drive\/folders\/1-1Yos1JrJ8oMomEIN869OUR2s9D-oBJp?usp=share_link\"><img loading=\"lazy\" decoding=\"async\" class=\"aligncenter wp-image-6541\" src=\"https:\/\/agora.xtec.cat\/zeroliver\/wp-content\/uploads\/usu798\/2023\/02\/Magic-Hat-PNG.png\" alt=\"\" width=\"212\" height=\"161\" srcset=\"https:\/\/agora.xtec.cat\/zeroliver\/wp-content\/uploads\/usu798\/2023\/02\/Magic-Hat-PNG.png 1581w, https:\/\/agora.xtec.cat\/zeroliver\/wp-content\/uploads\/usu798\/2023\/02\/Magic-Hat-PNG-300x228.png 300w, https:\/\/agora.xtec.cat\/zeroliver\/wp-content\/uploads\/usu798\/2023\/02\/Magic-Hat-PNG-1024x779.png 1024w, https:\/\/agora.xtec.cat\/zeroliver\/wp-content\/uploads\/usu798\/2023\/02\/Magic-Hat-PNG-768x584.png 768w, https:\/\/agora.xtec.cat\/zeroliver\/wp-content\/uploads\/usu798\/2023\/02\/Magic-Hat-PNG-1536x1168.png 1536w\" sizes=\"auto, (max-width: 212px) 100vw, 212px\" \/><\/a><\/p>\n<p style=\"text-align: center;\"><strong>Fes clic a la imatge per veure les fotografies del carnestoltes de l&#8217;<span style=\"color: #339966;\">escola de Maials<\/span><\/strong><\/p>\n<p style=\"text-align: justify;\">A l&#8217;<span style=\"color: #ff9900;\"><strong>escola Sant Jaume<span style=\"color: #000000;\">, <\/span><\/strong><span style=\"color: #000000;\">du<\/span><\/span><span style=\"font-weight: 400;\">rant tota la setmana vam seguir les ordres del rei carnestoltes amb ganes i il\u00b7lusi\u00f3.<\/span><\/p>\n<p style=\"text-align: justify;\"><span style=\"font-weight: 400;\">El dijous la senyoreta Rosa ens va explicar l\u2019origen del Carnestoltes i perqu\u00e8 s\u2019iniciava la Quaresma de forma l\u00fadica i f\u00e0cil d\u2019entendre. Com era Dijous Gras vam esmorzar entrep\u00e0 de truita!<\/span><\/p>\n<p style=\"text-align: justify;\"><span style=\"font-weight: 400;\">Divendres durant el mat\u00ed es van realitzar tallers de manualitats relacionades amb el Carnestoltes: m\u00e0scares, corones, ampolles per llen\u00e7ar confeti i els m\u00e9s petits fins i tot una disfressa de tortuga! Mentre uns f\u00e8iem manualitats, la resta vam anar passant per la classe d\u2019angl\u00e8s amb el Xavi i la Maria del Mar on vam cuinar pancakes. Per la tarda vam anar al poliesportiu lluint les nostres disfresses i un cop all\u00ed vam berenar els pancakes del mat\u00ed que estaven bon\u00edssimes i vam jugar a jocs organitzats pels m\u00e9s grans de l\u2019escola.<\/span><\/p>\n<p style=\"text-align: justify;\"><span style=\"font-weight: 400;\">Una setmana espectacular!<\/span><\/p>\n<p><a href=\"https:\/\/drive.google.com\/drive\/folders\/1Qm-ex6XVOOp1QlEE_S36lsOVwUSK_2vq?usp=share_link\"><img loading=\"lazy\" decoding=\"async\" class=\"aligncenter wp-image-6542\" src=\"https:\/\/agora.xtec.cat\/zeroliver\/wp-content\/uploads\/usu798\/2023\/02\/Carnival-Mask-Transparent-Image.png\" alt=\"\" width=\"133\" height=\"154\" srcset=\"https:\/\/agora.xtec.cat\/zeroliver\/wp-content\/uploads\/usu798\/2023\/02\/Carnival-Mask-Transparent-Image.png 519w, https:\/\/agora.xtec.cat\/zeroliver\/wp-content\/uploads\/usu798\/2023\/02\/Carnival-Mask-Transparent-Image-260x300.png 260w\" sizes=\"auto, (max-width: 133px) 100vw, 133px\" \/><\/a><\/p>\n<p style=\"text-align: center;\"><strong>Fes clic a la imatge per veure les fotografies del carnestoltes de l&#8217;<span style=\"color: #ff9900;\">escola de La Granja d&#8217;Escarp<\/span><\/strong><\/p>\n<p style=\"text-align: justify;\"><span style=\"font-weight: 400;\">A l&#8217;<strong><span style=\"color: #ff0000;\">escola Arc d&#8217;Ad\u00e0<\/span><\/strong>, per fi ha arribat el divendres despr\u00e9s d\u2019una setmana sense parar amb les normes del carnestoltes amunt i avall! Avui tocava <\/span>disfressa lliure<span style=\"font-weight: 400;\"> i l\u2019escola s\u2019ha omplert de colors i de personatges: hi havia lladres, s\u00faper herois, princeses, fades, \u00e0ngels, ninjes, bombers&#8230;<\/span><\/p>\n<p style=\"text-align: justify;\"><span style=\"font-weight: 400;\">Hem comen\u00e7at el dia amb una <\/span>gimcana <span style=\"font-weight: 400;\">on hav\u00edem de superar proves per aconseguir una missi\u00f3. Hem estat tots i totes molt h\u00e0bils i ens hem ben guanyat l\u2019esmorzar d\u2019entrep\u00e0 amb llonganissa que ens ha preparat l\u2019AFA. Estava bon\u00edssim!! Per fer baixar una mica l\u2019esmorzar hem fet una rua pels carrers del poble, i no hem parat de cantar i ballar.<\/span><\/p>\n<p style=\"text-align: justify;\"><span style=\"font-weight: 400;\">Per la tarda, ja m\u00e9s relaxats, hem fet un taller de <\/span>m\u00e0scara gegant d\u2019animals marins<span style=\"font-weight: 400;\"> i les hem decorat de forma molt original.\u00a0<\/span><\/p>\n<p><a href=\"https:\/\/drive.google.com\/drive\/folders\/1BE8ijNcS8a2bJwvCPuEJ0s0TjIhzeHk9?usp=share_link\"><img loading=\"lazy\" decoding=\"async\" class=\"aligncenter wp-image-6543\" src=\"https:\/\/agora.xtec.cat\/zeroliver\/wp-content\/uploads\/usu798\/2023\/02\/381-3817254_rainy-day-clip-art-hd-png-download.png\" alt=\"\" width=\"142\" height=\"182\" srcset=\"https:\/\/agora.xtec.cat\/zeroliver\/wp-content\/uploads\/usu798\/2023\/02\/381-3817254_rainy-day-clip-art-hd-png-download.png 860w, https:\/\/agora.xtec.cat\/zeroliver\/wp-content\/uploads\/usu798\/2023\/02\/381-3817254_rainy-day-clip-art-hd-png-download-234x300.png 234w, https:\/\/agora.xtec.cat\/zeroliver\/wp-content\/uploads\/usu798\/2023\/02\/381-3817254_rainy-day-clip-art-hd-png-download-798x1024.png 798w, https:\/\/agora.xtec.cat\/zeroliver\/wp-content\/uploads\/usu798\/2023\/02\/381-3817254_rainy-day-clip-art-hd-png-download-768x986.png 768w\" sizes=\"auto, (max-width: 142px) 100vw, 142px\" \/><\/a><\/p>\n<p style=\"text-align: center;\"><strong>Fes clic a la imatge per veure les fotografies del carnestoltes de l&#8217;<span style=\"color: #ff0000;\">escola de Llardecans<\/span><\/strong><\/p>\n<p style=\"text-align: justify;\"><span style=\"font-weight: 400;\">A l&#8217;<span style=\"color: #3366ff;\"><strong>escola de Massalcoreig<\/strong><\/span> hem tingut el carnestoltes present tota la setmana al nostre porxo i all\u00e0 ens hem anat fotografiant amb ell per tal que vegues com hem complert totes les ordres que ens ha donat.<\/span><\/p>\n<p style=\"text-align: justify;\"><span style=\"font-weight: 400;\">Va arribar d\u2019una forma molt misteriosa i vam haver de buscar-lo tot seguint unes pistes.<\/span><\/p>\n<p style=\"text-align: justify;\"><span style=\"font-weight: 400;\">Cada dia ens ha fet portar alguna fantasia relacionada amb el nostre projecte de Zer <\/span><b>La M\u00e0gia de l\u2019aigua.\u00a0<\/b><span style=\"font-weight: 400;\">Hem anat amb botes d\u2019aigua i paraig\u00fces, roba i cabells blaus, cares pintades i moltes coses m\u00e9s.<\/span><\/p>\n<p style=\"text-align: justify;\"><span style=\"font-weight: 400;\">Tamb\u00e9 el vam convidar a menjar un bon entrep\u00e0 de truita el dijous gras, vam jugar i gaudir amb ell al Sotet i vam encomanar la gresca a tot el poble amb la rua de divendres.<\/span><\/p>\n<p style=\"text-align: justify;\"><span style=\"font-weight: 400;\">Moltes gr\u00e0cies per la teva visita senyor rei Carnestoltes!!<\/span><\/p>\n<p><a href=\"https:\/\/drive.google.com\/drive\/folders\/1BNf31W973KFZKGrBiF1VOBjwznGBUS_A?usp=share_link\"><img loading=\"lazy\" decoding=\"async\" class=\"aligncenter wp-image-6544\" src=\"https:\/\/agora.xtec.cat\/zeroliver\/wp-content\/uploads\/usu798\/2023\/02\/580b585b2edbce24c47b28d3.png\" alt=\"\" width=\"114\" height=\"140\" srcset=\"https:\/\/agora.xtec.cat\/zeroliver\/wp-content\/uploads\/usu798\/2023\/02\/580b585b2edbce24c47b28d3.png 450w, https:\/\/agora.xtec.cat\/zeroliver\/wp-content\/uploads\/usu798\/2023\/02\/580b585b2edbce24c47b28d3-245x300.png 245w\" sizes=\"auto, (max-width: 114px) 100vw, 114px\" \/><\/a><\/p>\n<p style=\"text-align: center;\"><strong>Fes clic a la imatge per veure les fotografies del carnestoltes de l&#8217;<span style=\"color: #3366ff;\">escola de Massalcoreig<\/span><\/strong><\/p>\n","protected":false},"excerpt":{"rendered":"<p>Ha arribat el Carnestoltes, tots hem sortit a passejar, ens hem posat una disfressa i hem saltat, cantat i ballat. [&hellip;]<\/p>\n","protected":false},"author":6,"featured_media":6501,"comment_status":"open","ping_status":"closed","sticky":false,"template":"","format":"standard","meta":{"_bbp_topic_count":0,"_bbp_reply_count":0,"_bbp_total_topic_count":0,"_bbp_total_reply_count":0,"_bbp_voice_count":0,"_bbp_anonymous_reply_count":0,"_bbp_topic_count_hidden":0,"_bbp_reply_count_hidden":0,"_bbp_forum_subforum_count":0,"site-sidebar-layout":"default","site-content-layout":"","ast-site-content-layout":"","site-content-style":"default","site-sidebar-style":"default","ast-global-header-display":"","ast-banner-title-visibility":"","ast-main-header-display":"","ast-hfb-above-header-display":"","ast-hfb-below-header-display":"","ast-hfb-mobile-header-display":"","site-post-title":"","ast-breadcrumbs-content":"","ast-featured-img":"","footer-sml-layout":"","theme-transparent-header-meta":"","adv-header-id-meta":"","stick-header-meta":"","header-above-stick-meta":"","header-main-stick-meta":"","header-below-stick-meta":"","astra-migrate-meta-layouts":"default","ast-page-background-enabled":"default","ast-page-background-meta":{"desktop":{"background-color":"var(--ast-global-color-4)","background-image":"","background-repeat":"repeat","background-position":"center center","background-size":"auto","background-attachment":"scroll","background-type":"","background-media":"","overlay-type":"","overlay-color":"","overlay-opacity":"","overlay-gradient":""},"tablet":{"background-color":"","background-image":"","background-repeat":"repeat","background-position":"center center","background-size":"auto","background-attachment":"scroll","background-type":"","background-media":"","overlay-type":"","overlay-color":"","overlay-opacity":"","overlay-gradient":""},"mobile":{"background-color":"","background-image":"","background-repeat":"repeat","background-position":"center center","background-size":"auto","background-attachment":"scroll","background-type":"","background-media":"","overlay-type":"","overlay-color":"","overlay-opacity":"","overlay-gradient":""}},"ast-content-background-meta":{"desktop":{"background-color":"var(--ast-global-color-5)","background-image":"","background-repeat":"repeat","background-position":"center center","background-size":"auto","background-attachment":"scroll","background-type":"","background-media":"","overlay-type":"","overlay-color":"","overlay-opacity":"","overlay-gradient":""},"tablet":{"background-color":"var(--ast-global-color-5)","background-image":"","background-repeat":"repeat","background-position":"center center","background-size":"auto","background-attachment":"scroll","background-type":"","background-media":"","overlay-type":"","overlay-color":"","overlay-opacity":"","overlay-gradient":""},"mobile":{"background-color":"var(--ast-global-color-5)","background-image":"","background-repeat":"repeat","background-position":"center center","background-size":"auto","background-attachment":"scroll","background-type":"","background-media":"","overlay-type":"","overlay-color":"","overlay-opacity":"","overlay-gradient":""}},"footnotes":""},"categories":[1,29,125,126,127,128,129,130,68,70,92,59,96,133,134,135,162],"tags":[],"class_list":["post-6530","post","type-post","status-publish","format-standard","has-post-thumbnail","hentry","category-general","category-portada","category-1r","category-2n","category-3r","category-4t","category-5e","category-6e","category-escola-arc-dada","category-escola-massalcoreig","category-escola-otogesa","category-sant-jaume","category-festes","category-i3","category-i4","category-i5","category-zer"],"post_mailing_queue_ids":[],"_links":{"self":[{"href":"https:\/\/agora.xtec.cat\/zeroliver\/wp-json\/wp\/v2\/posts\/6530","targetHints":{"allow":["GET"]}}],"collection":[{"href":"https:\/\/agora.xtec.cat\/zeroliver\/wp-json\/wp\/v2\/posts"}],"about":[{"href":"https:\/\/agora.xtec.cat\/zeroliver\/wp-json\/wp\/v2\/types\/post"}],"author":[{"embeddable":true,"href":"https:\/\/agora.xtec.cat\/zeroliver\/wp-json\/wp\/v2\/users\/6"}],"replies":[{"embeddable":true,"href":"https:\/\/agora.xtec.cat\/zeroliver\/wp-json\/wp\/v2\/comments?post=6530"}],"version-history":[{"count":3,"href":"https:\/\/agora.xtec.cat\/zeroliver\/wp-json\/wp\/v2\/posts\/6530\/revisions"}],"predecessor-version":[{"id":6540,"href":"https:\/\/agora.xtec.cat\/zeroliver\/wp-json\/wp\/v2\/posts\/6530\/revisions\/6540"}],"wp:featuredmedia":[{"embeddable":true,"href":"https:\/\/agora.xtec.cat\/zeroliver\/wp-json\/wp\/v2\/media\/6501"}],"wp:attachment":[{"href":"https:\/\/agora.xtec.cat\/zeroliver\/wp-json\/wp\/v2\/media?parent=6530"}],"wp:term":[{"taxonomy":"category","embeddable":true,"href":"https:\/\/agora.xtec.cat\/zeroliver\/wp-json\/wp\/v2\/categories?post=6530"},{"taxonomy":"post_tag","embeddable":true,"href":"https:\/\/agora.xtec.cat\/zeroliver\/wp-json\/wp\/v2\/tags?post=6530"}],"curies":[{"name":"wp","href":"https:\/\/api.w.org\/{rel}","templated":true}]}}