{"id":6270,"date":"2022-11-26T17:38:41","date_gmt":"2022-11-26T16:38:41","guid":{"rendered":"https:\/\/agora.xtec.cat\/zeroliver\/?p=6270"},"modified":"2022-11-26T17:40:48","modified_gmt":"2022-11-26T16:40:48","slug":"celebrem-el-dia-de-la-no-violencia-de-genere-a-les-escoles-de-la-zer","status":"publish","type":"post","link":"https:\/\/agora.xtec.cat\/zeroliver\/general\/celebrem-el-dia-de-la-no-violencia-de-genere-a-les-escoles-de-la-zer\/","title":{"rendered":"CELEBREM EL DIA DE LA NO VIOL\u00c8NCIA DE G\u00c8NERE A LES ESCOLES DE LA ZER"},"content":{"rendered":"<p>&nbsp;<\/p>\n<p><img loading=\"lazy\" decoding=\"async\" class=\"\" src=\"https:\/\/agora.xtec.cat\/zeroliver\/wp-content\/uploads\/usu798\/2022\/11\/1669388725011-1-scaled.jpg\" width=\"677\" height=\"508\" \/><\/p>\n<p>El dia 24 de novembre l&#8217;escola de Massalcoreig va fer l&#8217;assemblea d&#8217;escola del primer trimestre per tal de decidir com vol\u00edem reivindicar el Dia internacional de l&#8217;eliminaci\u00f3 de la viol\u00e8ncia masclista.<\/p>\n<p>El dia 25 de novembre vam dedicar tota la tarda a realitzar les propostes preparades en l\u2019assemblea, vam iniciar la tarda amb la lectura en veu alta. Al faristol van llegir la Mar i la J\u00falia, el conte parlava d&#8217;una noia que volia jugar al futbol. Segur que la hist\u00f2ria la coneixeu.<\/p>\n<p>Seguidament vam realitzar una flor formada per cors amb missatges positius que vam deixar a la porta de l&#8217;escola. Tot seguit la gimcana del tres en ratlla on el grup de la Fatima i el Pol van preparar unes preguntes relacionades amb la prevenci\u00f3 de les viol\u00e8ncies.<\/p>\n<p>Per acabar vam fer la recerca del tresor on el grup de la Oumayma i la Mar ens van amagar uns sobres per l&#8217;escola amb un missatge ben colpidors i com a obsequi ens van regalar a tots i totes un collar amb el logo del dia, vam quedar que el portar\u00edem a casa i en parlar\u00edem amb les fam\u00edlies.<\/p>\n<p>Ens van quedar propostes per realitzar, la tarda se&#8217;ns va fer curta!!<\/p>\n<p>I per acabar vam sortir al pat\u00ed i , desafiant el vent,\u00a0 vam ballar tots i totes la can\u00e7\u00f3\u00a0 &#8220;As\u00ed bailaba&#8221;.<\/p>\n<p><a href=\"https:\/\/drive.google.com\/drive\/folders\/1054TEWWo-oF1hVxQFteqwYTsiKMNV9NQ?usp=share_link\"><strong><span style=\"color: #0000ff;\">Clica per veure les imatges de l&#8217;escola de Massalcoreig<\/span><\/strong><\/a><\/p>\n<p>Tot l&#8217;alumnat de l&#8217;escola Otogesa ha treballat amb diferents activitats i reflexions el dia d&#8217;avui.<\/p>\n<p>Els nens i nenes d<strong>&#8216;educaci\u00f3 infantil\u00a0<\/strong>hem parlat sobre el color lila i perqu\u00e8 el relacionem amb aquest dia. Tamb\u00e9 hem vist aquest v\u00eddeo <a href=\"https:\/\/www.youtube.com\/watch?v=Rn4PVsKXE5k\">https:\/\/www.youtube.com\/watch?v=Rn4PVsKXE5k\u00a0<\/a>\u00a0i hem ent\u00e8s que no s&#8217;ha de fer mal a cap nena, ens hem de respectar. Per acabar hem pintat de color lila lla\u00e7os i papallones que ens fan sentir lliures i les hem enganxat al mur de l&#8217;entrada de l&#8217;escola.<\/p>\n<p>Els i les alumnes de\u00a0<strong>cicle inicial<\/strong> hem visualitzat el v\u00eddeo ROSA CARAMELO &#8221;\u00a0<a href=\"https:\/\/www.youtube.com\/watch?v=qqJx-a09dT8\">https:\/\/www.youtube.com\/watch?v=qqJx-a09dT8<\/a>\u00a0) i hem reflexionat com se sentien les elefantes i quina cosa els havia cridat l\u2019atenci\u00f3. Despr\u00e9s hem fet la din\u00e0mica que els nens fossin elefantes i les nenes elefants i com se sentien. A continuaci\u00f3 hem pintat un elefant de color lila i hem escrit una frase sobre quines coses podem fer nosaltres perqu\u00e8 hi hagi igualtat i respecte entre nens i nenes. Posteriorment, tamb\u00e9 ho hem penjat al mural de l\u2019entrada.<\/p>\n<p>A educaci\u00f3 f\u00edsica tamb\u00e9 hem fet un joc per veure quines coses s\u00f3n &#8220;de nens&#8221; i quines &#8220;de nenes&#8221;. Hem acabat veient que tots els nens i nenes poden jugar als mateixos jocs, dur la mateixa roba i que ens agradin les mateixes activitats!<\/p>\n<p>La canalla de\u00a0<strong>cicle mitj\u00e0<\/strong>\u00a0hem treballat aquest dia amb una gimcana d&#8217;educaci\u00f3 f\u00edsica on tamb\u00e9 hem visualitzat un v\u00eddeo per iniciar la din\u00e0mica i reflexionar sobre les agressions que pateixen les dones. Hem parlat que no s&#8217;han de jutjar els cossos de ning\u00fa i com ens podem sentir quan es fa, i tamb\u00e9 sobre quines difer\u00e8ncies hi ha entre estimar i maltractar. Finalment, hem hagut de desxifrar unes frases reivindicatives per tal d&#8217;acabar obtenint la recompensa!<\/p>\n<p>L&#8217;alumnat de\u00a0<strong>cicle superior\u00a0<\/strong>ens hem dividit en grups per pensar i\u00a0representar diferents situacions de viol\u00e8ncia que podem viure i hem reflexionat sobre quines solucions hi poden haver i quina seria la millor manera de resoldre-les.<\/p>\n<p><a href=\"https:\/\/drive.google.com\/drive\/folders\/108qVKvVkcGo4zg0iQba9SOhbJnKnyLZ_?usp=share_link\"><span style=\"color: #00ff00;\"><strong>Clica per veure les imatges de l&#8217;escola Otogesa de Maials<\/strong><\/span><\/a><\/p>\n<p>Durant el dijous hem estat treballant la import\u00e0ncia del respecte i la no discriminaci\u00f3 per ra\u00f3 de sexe. La mestra de religi\u00f3 ha preparat diferents activitats adaptades a cada nivell per reflexionar sobre el tema.<br \/>\nEls nens i nenes d\u2019infantil han conversat sobre les tasques de casa, la import\u00e0ncia de col\u00b7laborar i repartir la feina entre tots i totes i han arribat a la conclusi\u00f3 de que \u00e9s violent que les mares siguin les que ho facin tot.<br \/>\nEl cicle inicial ha llegit el conte \u00abVisca les ungles de colors!\u00bb. Han parlar de que hem de fer les coses perqu\u00e8 ens agraden, sense que ens importi el qu\u00e8 pensen de nosaltres. Tamb\u00e9 ha sorgit el tema de que no hi ha coses de nen ni de nena i s\u2019ha reflexionat sobre qu\u00e8 fer quan ens trobem en una situaci\u00f3 aix\u00ed.<br \/>\nEl cicle mitj\u00e0 i superior ha treballat el llibre \u00abLa palabra sexo es divertida\u00bb. Amb aquest s\u2019ha potenciat la idea que per evitar la viol\u00e8ncia de g\u00e8nere \u00e9s molt important tenir una bona educaci\u00f3 sexual. Han sorgit idees com la import\u00e0ncia del respecte, la confian\u00e7a i s\u2019han analitzat diferents situacions que aparentment no es valoren com a violentes per\u00f2 que s\u00ed que ho s\u00f3n. La conclusi\u00f3 final \u00e9s que el cos \u00e9s nostre i que mai ning\u00fa pot obligar-nos a fer res que nosaltres no vulguem.<\/p>\n<p>Avui divendres hem participat en l\u2019acte que s\u2019ha dut a terme a nivell municipal a la pla\u00e7a del poble. Hem escoltat el manifest llegit per diferents dones del poble davant d\u2019un lla\u00e7 gegant fet amb paraig\u00fces de color lila i a continuaci\u00f3 hem enganxat unes papallones amb frases nostres en un mural \u00a0\u00a0amb el lema \u00abVOLEM JUNTES\u00bb.<\/p>\n<p><a href=\"https:\/\/drive.google.com\/drive\/folders\/1ccudJw1ejXVSgvtvhsmtZYal0RjTSALA?usp=share_link\"><span style=\"color: #ff6600;\"><strong>Clica per veure les imatges de l&#8217;escola Sant Jaume de la Granja d&#8217;Escarp<\/strong><\/span><\/a><\/p>\n<p>A Llardecans vam iniciar el dia visualitzant curtmetratges on posteriorment ens portaven a debatre sobre els valors com la toler\u00e0ncia, el respecte i l&#8217;acceptaci\u00f3 de la igualtat entre g\u00e8neres per afavorir un sentit cr\u00edtic i respectu\u00f3s del nens i nenes envers la societat plural. El debat va esdevenir molt ric i tots i totes van arribar a la mateixa conclusi\u00f3: la igualtat de g\u00e8neres no hauria de ser una lluita sin\u00f3 una realitat.<\/p>\n<p>Seguidament vam pensar i escriure missatge d&#8217;esperan\u00e7a a unes papallones de color lila, s\u00edmbol de la lluita envers la viol\u00e8ncia de g\u00e8nere, que despr\u00e9s vam enganxar a un mural col.laboratiu d&#8217;on sortien unes mans (les pr\u00f2pies de l&#8217;alumnat que les van copiar i pintar) que envoltaven tot el mural. La simbolitzaci\u00f3 \u00e9s molt clara amb l&#8217;esperan\u00e7a d&#8217;una societat m\u00e9s tolerant passa perqu\u00e8 tots i totes ens hi esforcem.<\/p>\n<p>Per la tarda vam sortir tots al pati a manifestar-nos per la causa i vam fer la fotografia de grup amb el nostre mural.<\/p>\n<p><a href=\"https:\/\/drive.google.com\/drive\/folders\/1d_vrQ2JdN-iujZpLUJSeQqwBlXOh3ipT?usp=share_link\"><span style=\"color: #ff0000;\"><strong>Clica per veure les imatges de l&#8217;escola Arc d&#8217;Ad\u00e0 de Llardecans<\/strong><\/span><\/a><\/p>\n<p>&nbsp;<\/p>\n","protected":false},"excerpt":{"rendered":"<p>&nbsp; El dia 24 de novembre l&#8217;escola de Massalcoreig va fer l&#8217;assemblea d&#8217;escola del primer trimestre per tal de decidir [&hellip;]<\/p>\n","protected":false},"author":1,"featured_media":6273,"comment_status":"open","ping_status":"closed","sticky":false,"template":"","format":"standard","meta":{"_bbp_topic_count":0,"_bbp_reply_count":0,"_bbp_total_topic_count":0,"_bbp_total_reply_count":0,"_bbp_voice_count":0,"_bbp_anonymous_reply_count":0,"_bbp_topic_count_hidden":0,"_bbp_reply_count_hidden":0,"_bbp_forum_subforum_count":0,"site-sidebar-layout":"default","site-content-layout":"","ast-site-content-layout":"","site-content-style":"default","site-sidebar-style":"default","ast-global-header-display":"","ast-banner-title-visibility":"","ast-main-header-display":"","ast-hfb-above-header-display":"","ast-hfb-below-header-display":"","ast-hfb-mobile-header-display":"","site-post-title":"","ast-breadcrumbs-content":"","ast-featured-img":"","footer-sml-layout":"","theme-transparent-header-meta":"","adv-header-id-meta":"","stick-header-meta":"","header-above-stick-meta":"","header-main-stick-meta":"","header-below-stick-meta":"","astra-migrate-meta-layouts":"default","ast-page-background-enabled":"default","ast-page-background-meta":{"desktop":{"background-color":"var(--ast-global-color-4)","background-image":"","background-repeat":"repeat","background-position":"center center","background-size":"auto","background-attachment":"scroll","background-type":"","background-media":"","overlay-type":"","overlay-color":"","overlay-opacity":"","overlay-gradient":""},"tablet":{"background-color":"","background-image":"","background-repeat":"repeat","background-position":"center center","background-size":"auto","background-attachment":"scroll","background-type":"","background-media":"","overlay-type":"","overlay-color":"","overlay-opacity":"","overlay-gradient":""},"mobile":{"background-color":"","background-image":"","background-repeat":"repeat","background-position":"center center","background-size":"auto","background-attachment":"scroll","background-type":"","background-media":"","overlay-type":"","overlay-color":"","overlay-opacity":"","overlay-gradient":""}},"ast-content-background-meta":{"desktop":{"background-color":"var(--ast-global-color-5)","background-image":"","background-repeat":"repeat","background-position":"center center","background-size":"auto","background-attachment":"scroll","background-type":"","background-media":"","overlay-type":"","overlay-color":"","overlay-opacity":"","overlay-gradient":""},"tablet":{"background-color":"var(--ast-global-color-5)","background-image":"","background-repeat":"repeat","background-position":"center center","background-size":"auto","background-attachment":"scroll","background-type":"","background-media":"","overlay-type":"","overlay-color":"","overlay-opacity":"","overlay-gradient":""},"mobile":{"background-color":"var(--ast-global-color-5)","background-image":"","background-repeat":"repeat","background-position":"center center","background-size":"auto","background-attachment":"scroll","background-type":"","background-media":"","overlay-type":"","overlay-color":"","overlay-opacity":"","overlay-gradient":""}},"footnotes":""},"categories":[1,29,125,126,127,128,129,130,133,134,135,162],"tags":[],"class_list":["post-6270","post","type-post","status-publish","format-standard","has-post-thumbnail","hentry","category-general","category-portada","category-1r","category-2n","category-3r","category-4t","category-5e","category-6e","category-i3","category-i4","category-i5","category-zer"],"post_mailing_queue_ids":[],"_links":{"self":[{"href":"https:\/\/agora.xtec.cat\/zeroliver\/wp-json\/wp\/v2\/posts\/6270","targetHints":{"allow":["GET"]}}],"collection":[{"href":"https:\/\/agora.xtec.cat\/zeroliver\/wp-json\/wp\/v2\/posts"}],"about":[{"href":"https:\/\/agora.xtec.cat\/zeroliver\/wp-json\/wp\/v2\/types\/post"}],"author":[{"embeddable":true,"href":"https:\/\/agora.xtec.cat\/zeroliver\/wp-json\/wp\/v2\/users\/1"}],"replies":[{"embeddable":true,"href":"https:\/\/agora.xtec.cat\/zeroliver\/wp-json\/wp\/v2\/comments?post=6270"}],"version-history":[{"count":3,"href":"https:\/\/agora.xtec.cat\/zeroliver\/wp-json\/wp\/v2\/posts\/6270\/revisions"}],"predecessor-version":[{"id":6275,"href":"https:\/\/agora.xtec.cat\/zeroliver\/wp-json\/wp\/v2\/posts\/6270\/revisions\/6275"}],"wp:featuredmedia":[{"embeddable":true,"href":"https:\/\/agora.xtec.cat\/zeroliver\/wp-json\/wp\/v2\/media\/6273"}],"wp:attachment":[{"href":"https:\/\/agora.xtec.cat\/zeroliver\/wp-json\/wp\/v2\/media?parent=6270"}],"wp:term":[{"taxonomy":"category","embeddable":true,"href":"https:\/\/agora.xtec.cat\/zeroliver\/wp-json\/wp\/v2\/categories?post=6270"},{"taxonomy":"post_tag","embeddable":true,"href":"https:\/\/agora.xtec.cat\/zeroliver\/wp-json\/wp\/v2\/tags?post=6270"}],"curies":[{"name":"wp","href":"https:\/\/api.w.org\/{rel}","templated":true}]}}