{"id":5859,"date":"2022-05-27T11:35:17","date_gmt":"2022-05-27T09:35:17","guid":{"rendered":"https:\/\/agora.xtec.cat\/zeroliver\/?p=5859"},"modified":"2022-05-27T11:35:17","modified_gmt":"2022-05-27T09:35:17","slug":"colonies-al-bages-amb-lalumnat-de-c-m-de-la-zer","status":"publish","type":"post","link":"https:\/\/agora.xtec.cat\/zeroliver\/general\/colonies-al-bages-amb-lalumnat-de-c-m-de-la-zer\/","title":{"rendered":"COL\u00d2NIES AL BAGES AMB L&#8217;ALUMNAT DE C.M DE LA ZER!!"},"content":{"rendered":"<p style=\"text-align: justify;\">El passat dilluns dia 23 de maig ens vam carregar les motxilles i cap a Manresa falta gent!! Feia dies que els nervis estaven a flor de pell, dos anys sense col\u00f2nies despr\u00e9s d&#8217;haver-les anunciat com un retorn a la ZER. I va arribar el dia. Ben d&#8217;hora vam iniciar el cam\u00ed cap a Manresa. Un cop all\u00ed, les professionals del Camp d&#8217;Aprenentatge del Bages ens van rebre molt amablement i vam iniciar la primera activitat del dia, un joc de pistes amb tauletes per con\u00e8ixer el recorregut que fa l&#8217;aigua a la ciutat. Un cop acabada l&#8217;activitat vam enfilar cam\u00ed cap a Puig Reig a la casa de col\u00f2nies Cal Riera. All\u00ed vam dinar, vam fer l&#8217;activitat de tarda&#8221; potabilitzem l&#8217;aigua al laboratori&#8221;, vam berenar i ens vam instal\u00b7lar a\u00a0 les habitacions. Ja a la nit vam sopar i vam moure una mica l&#8217;esquelet a l&#8217;exterior, amb m\u00fasica i llumetes que ens ambientaven.<\/p>\n<p>El dimarts ens vam aixecar tamb\u00e9 ben d&#8217;hora, les col\u00f2nies ja ho porten aix\u00f2 i vam enfilar cam\u00ed cap a Cardona. All\u00ed vam visitar les mines de sal. Quina passada!! Vam quedar-ne tots i totes ben enamorats!! El dia no ens acompanyava perqu\u00e8 plovia, aix\u00ed que els del CdA ens van condicionar un espai a la Casa de la Culla per a poder dinar. I amb la planxa plena i el somriure a la cara vam emprendre el cam\u00ed de tornada.<\/p>\n<p>Esperem poder repetir el curs vinent, la conviv\u00e8ncia \u00e9s un factor clau de l&#8217;aprenentatge i les col\u00f2nies en s\u00f3n un clar exemple!<\/p>\n<p><img loading=\"lazy\" decoding=\"async\" class=\"aligncenter\" src=\"https:\/\/agora.xtec.cat\/zeroliver\/wp-content\/uploads\/usu798\/2022\/05\/WhatsApp-Image-2022-05-27-at-10.29.55-5.jpeg\" width=\"414\" height=\"311\" \/><\/p>\n<p style=\"text-align: center;\"><a href=\"https:\/\/photos.app.goo.gl\/J9E75Jm1AEsLWLrE6\">Clica aqu\u00ed per veure m\u00e9s imatges<\/a><\/p>\n","protected":false},"excerpt":{"rendered":"<p>El passat dilluns dia 23 de maig ens vam carregar les motxilles i cap a Manresa falta gent!! Feia dies [&hellip;]<\/p>\n","protected":false},"author":1,"featured_media":5861,"comment_status":"open","ping_status":"closed","sticky":false,"template":"","format":"standard","meta":{"_bbp_topic_count":0,"_bbp_reply_count":0,"_bbp_total_topic_count":0,"_bbp_total_reply_count":0,"_bbp_voice_count":0,"_bbp_anonymous_reply_count":0,"_bbp_topic_count_hidden":0,"_bbp_reply_count_hidden":0,"_bbp_forum_subforum_count":0,"site-sidebar-layout":"default","site-content-layout":"","ast-site-content-layout":"","site-content-style":"default","site-sidebar-style":"default","ast-global-header-display":"","ast-banner-title-visibility":"","ast-main-header-display":"","ast-hfb-above-header-display":"","ast-hfb-below-header-display":"","ast-hfb-mobile-header-display":"","site-post-title":"","ast-breadcrumbs-content":"","ast-featured-img":"","footer-sml-layout":"","theme-transparent-header-meta":"","adv-header-id-meta":"","stick-header-meta":"","header-above-stick-meta":"","header-main-stick-meta":"","header-below-stick-meta":"","astra-migrate-meta-layouts":"default","ast-page-background-enabled":"default","ast-page-background-meta":{"desktop":{"background-color":"var(--ast-global-color-4)","background-image":"","background-repeat":"repeat","background-position":"center center","background-size":"auto","background-attachment":"scroll","background-type":"","background-media":"","overlay-type":"","overlay-color":"","overlay-opacity":"","overlay-gradient":""},"tablet":{"background-color":"","background-image":"","background-repeat":"repeat","background-position":"center center","background-size":"auto","background-attachment":"scroll","background-type":"","background-media":"","overlay-type":"","overlay-color":"","overlay-opacity":"","overlay-gradient":""},"mobile":{"background-color":"","background-image":"","background-repeat":"repeat","background-position":"center center","background-size":"auto","background-attachment":"scroll","background-type":"","background-media":"","overlay-type":"","overlay-color":"","overlay-opacity":"","overlay-gradient":""}},"ast-content-background-meta":{"desktop":{"background-color":"var(--ast-global-color-5)","background-image":"","background-repeat":"repeat","background-position":"center center","background-size":"auto","background-attachment":"scroll","background-type":"","background-media":"","overlay-type":"","overlay-color":"","overlay-opacity":"","overlay-gradient":""},"tablet":{"background-color":"var(--ast-global-color-5)","background-image":"","background-repeat":"repeat","background-position":"center center","background-size":"auto","background-attachment":"scroll","background-type":"","background-media":"","overlay-type":"","overlay-color":"","overlay-opacity":"","overlay-gradient":""},"mobile":{"background-color":"var(--ast-global-color-5)","background-image":"","background-repeat":"repeat","background-position":"center center","background-size":"auto","background-attachment":"scroll","background-type":"","background-media":"","overlay-type":"","overlay-color":"","overlay-opacity":"","overlay-gradient":""}},"footnotes":""},"categories":[1,29,126,127,68,70,92,59,95,162],"tags":[],"class_list":["post-5859","post","type-post","status-publish","format-standard","has-post-thumbnail","hentry","category-general","category-portada","category-2n","category-3r","category-escola-arc-dada","category-escola-massalcoreig","category-escola-otogesa","category-sant-jaume","category-sortides","category-zer"],"post_mailing_queue_ids":[],"_links":{"self":[{"href":"https:\/\/agora.xtec.cat\/zeroliver\/wp-json\/wp\/v2\/posts\/5859","targetHints":{"allow":["GET"]}}],"collection":[{"href":"https:\/\/agora.xtec.cat\/zeroliver\/wp-json\/wp\/v2\/posts"}],"about":[{"href":"https:\/\/agora.xtec.cat\/zeroliver\/wp-json\/wp\/v2\/types\/post"}],"author":[{"embeddable":true,"href":"https:\/\/agora.xtec.cat\/zeroliver\/wp-json\/wp\/v2\/users\/1"}],"replies":[{"embeddable":true,"href":"https:\/\/agora.xtec.cat\/zeroliver\/wp-json\/wp\/v2\/comments?post=5859"}],"version-history":[{"count":3,"href":"https:\/\/agora.xtec.cat\/zeroliver\/wp-json\/wp\/v2\/posts\/5859\/revisions"}],"predecessor-version":[{"id":5864,"href":"https:\/\/agora.xtec.cat\/zeroliver\/wp-json\/wp\/v2\/posts\/5859\/revisions\/5864"}],"wp:featuredmedia":[{"embeddable":true,"href":"https:\/\/agora.xtec.cat\/zeroliver\/wp-json\/wp\/v2\/media\/5861"}],"wp:attachment":[{"href":"https:\/\/agora.xtec.cat\/zeroliver\/wp-json\/wp\/v2\/media?parent=5859"}],"wp:term":[{"taxonomy":"category","embeddable":true,"href":"https:\/\/agora.xtec.cat\/zeroliver\/wp-json\/wp\/v2\/categories?post=5859"},{"taxonomy":"post_tag","embeddable":true,"href":"https:\/\/agora.xtec.cat\/zeroliver\/wp-json\/wp\/v2\/tags?post=5859"}],"curies":[{"name":"wp","href":"https:\/\/api.w.org\/{rel}","templated":true}]}}